{"id":1077,"date":"2017-08-21T14:16:21","date_gmt":"2017-08-21T12:16:21","guid":{"rendered":"http:\/\/www.wolframs-naturfotos.de\/wordpress\/?p=1077"},"modified":"2017-10-29T17:52:11","modified_gmt":"2017-10-29T16:52:11","slug":"limikolenzug-sommerherbst-2017","status":"publish","type":"post","link":"https:\/\/www.wolframs-naturfotos.de\/wordpress\/2017\/08\/21\/limikolenzug-sommerherbst-2017\/","title":{"rendered":"Limikolenzug Sommer\/Herbst 2017"},"content":{"rendered":"<p>An unserem neuen Versteck (vielen Dank an Burkhard) konnten wir schon einige Limikolenarten beobachten und fotografieren. Highlight sind sicher die gro\u00dfen Brachv\u00f6gel, aber auch \u00fcber die Sichtung von Steinw\u00e4lzern und Sichelstrandl\u00e4ufern freuten wir uns. Hier eine kleine Zusammenstellung der fotografierten Arten, es fehlt der Zwergstrandl\u00e4ufer (nur von Burkhard fotografiert)<\/p>\n<div id=\"envira-gallery-wrap-1063\" class=\"envira-gallery-wrap envira-gallery-theme-base envira-lightbox-theme-base\" itemscope itemtype=\"https:\/\/schema.org\/ImageGallery\"><div data-row-height=\"150\" data-gallery-theme=\"normal\" id=\"envira-gallery-1063\" class=\"envira-gallery-public envira-gallery-justified-public envira-gallery-0-columns envira-clear enviratope envira-gallery-css-animations\" data-envira-columns=\"0\"><div id=\"envira-gallery-item-1064\" class=\"envira-gallery-item enviratope-item envira-gallery-item-1\" style=\"padding-left: 5px; padding-bottom: 10px; padding-right: 5px;\"  itemscope itemtype=\"https:\/\/schema.org\/ImageObject\"><div class=\"envira-gallery-item-inner\"><div class=\"envira-gallery-position-overlay  envira-gallery-top-left\"><\/div><div class=\"envira-gallery-position-overlay  envira-gallery-top-right\"><\/div><div class=\"envira-gallery-position-overlay  envira-gallery-bottom-left\"><\/div><div class=\"envira-gallery-position-overlay  envira-gallery-bottom-right\"><\/div><a href=\"http:\/\/www.wolframs-naturfotos.de\/wordpress\/wp-content\/uploads\/2017\/08\/EOS-7D-Mark-II_2017_07_31_27618.jpg\" class=\"envira-gallery-1063 envira-gallery-link\" rel=\"enviragallery1063\" title=\"Gr\u00fcnschenkel (Tringa nebularia)\" data-envira-caption=\"Gr\u00fcnschenkel (Tringa nebularia)\" data-envira-retina=\"\" data-thumbnail=\"\"  itemprop=\"contentUrl\"><img id=\"envira-gallery-image-1064\" class=\"envira-gallery-image envira-gallery-image-1 envira-normal envira-lazy\" data-envira-index=\"1\" src=\"https:\/\/www.wolframs-naturfotos.de\/wordpress\/wp-content\/uploads\/2017\/08\/EOS-7D-Mark-II_2017_07_31_27618-1024x682-640x480.jpg\" data-envira-src=\"https:\/\/www.wolframs-naturfotos.de\/wordpress\/wp-content\/uploads\/2017\/08\/EOS-7D-Mark-II_2017_07_31_27618-1024x682-640x480.jpg\" data-envira-gallery-id=\"1063\" data-envira-item-id=\"1064\" data-envira-caption=\"Gr\u00fcnschenkel (Tringa nebularia)\" alt=\"\" title=\"Gr\u00fcnschenkel (Tringa nebularia)\"  itemprop=\"thumbnailUrl\" data-envira-srcset=\"https:\/\/www.wolframs-naturfotos.de\/wordpress\/wp-content\/uploads\/2017\/08\/EOS-7D-Mark-II_2017_07_31_27618-1024x682-640x480.jpg 400w,https:\/\/www.wolframs-naturfotos.de\/wordpress\/wp-content\/uploads\/2017\/08\/EOS-7D-Mark-II_2017_07_31_27618-1024x682-640x480.jpg 2x\" data-envira-width=\"300\" data-envira-height=\"200\" srcset=\"data:image\/gif;base64,R0lGODlhAQABAIAAAP\/\/\/\/\/\/\/yH5BAEKAAEALAAAAAABAAEAAAICTAEAOw==\" data-safe-src=\"data:image\/gif;base64,R0lGODlhAQABAIAAAP\/\/\/\/\/\/\/yH5BAEKAAEALAAAAAABAAEAAAICTAEAOw==\" \/><\/a><\/div><\/div><div id=\"envira-gallery-item-1065\" class=\"envira-gallery-item enviratope-item envira-gallery-item-2\" style=\"padding-left: 5px; padding-bottom: 10px; padding-right: 5px;\"  itemscope itemtype=\"https:\/\/schema.org\/ImageObject\"><div class=\"envira-gallery-item-inner\"><div class=\"envira-gallery-position-overlay  envira-gallery-top-left\"><\/div><div class=\"envira-gallery-position-overlay  envira-gallery-top-right\"><\/div><div class=\"envira-gallery-position-overlay  envira-gallery-bottom-left\"><\/div><div class=\"envira-gallery-position-overlay  envira-gallery-bottom-right\"><\/div><a href=\"http:\/\/www.wolframs-naturfotos.de\/wordpress\/wp-content\/uploads\/2017\/08\/EOS-1D-Mark-IV_2017_07_31_28724.jpg\" class=\"envira-gallery-1063 envira-gallery-link\" rel=\"enviragallery1063\" title=\"Alpenstrandl\u00e4ufer (Calidris alpina)\" data-envira-caption=\"Alpenstrandl\u00e4ufer (Calidris alpina)\" data-envira-retina=\"\" data-thumbnail=\"\"  itemprop=\"contentUrl\"><img id=\"envira-gallery-image-1065\" class=\"envira-gallery-image envira-gallery-image-2 envira-normal envira-lazy\" data-envira-index=\"2\" src=\"https:\/\/www.wolframs-naturfotos.de\/wordpress\/wp-content\/uploads\/2017\/08\/EOS-1D-Mark-IV_2017_07_31_28724-1024x682-640x480.jpg\" data-envira-src=\"https:\/\/www.wolframs-naturfotos.de\/wordpress\/wp-content\/uploads\/2017\/08\/EOS-1D-Mark-IV_2017_07_31_28724-1024x682-640x480.jpg\" data-envira-gallery-id=\"1063\" data-envira-item-id=\"1065\" data-envira-caption=\"Alpenstrandl\u00e4ufer (Calidris alpina)\" alt=\"\" title=\"Alpenstrandl\u00e4ufer (Calidris alpina)\"  itemprop=\"thumbnailUrl\" data-envira-srcset=\"https:\/\/www.wolframs-naturfotos.de\/wordpress\/wp-content\/uploads\/2017\/08\/EOS-1D-Mark-IV_2017_07_31_28724-1024x682-640x480.jpg 400w,https:\/\/www.wolframs-naturfotos.de\/wordpress\/wp-content\/uploads\/2017\/08\/EOS-1D-Mark-IV_2017_07_31_28724-1024x682-640x480.jpg 2x\" data-envira-width=\"300\" data-envira-height=\"200\" srcset=\"data:image\/gif;base64,R0lGODlhAQABAIAAAP\/\/\/\/\/\/\/yH5BAEKAAEALAAAAAABAAEAAAICTAEAOw==\" data-safe-src=\"data:image\/gif;base64,R0lGODlhAQABAIAAAP\/\/\/\/\/\/\/yH5BAEKAAEALAAAAAABAAEAAAICTAEAOw==\" \/><\/a><\/div><\/div><div id=\"envira-gallery-item-1067\" class=\"envira-gallery-item enviratope-item envira-gallery-item-3\" style=\"padding-left: 5px; padding-bottom: 10px; padding-right: 5px;\"  itemscope itemtype=\"https:\/\/schema.org\/ImageObject\"><div class=\"envira-gallery-item-inner\"><div class=\"envira-gallery-position-overlay  envira-gallery-top-left\"><\/div><div class=\"envira-gallery-position-overlay  envira-gallery-top-right\"><\/div><div class=\"envira-gallery-position-overlay  envira-gallery-bottom-left\"><\/div><div class=\"envira-gallery-position-overlay  envira-gallery-bottom-right\"><\/div><a href=\"http:\/\/www.wolframs-naturfotos.de\/wordpress\/wp-content\/uploads\/2017\/08\/EOS-1D-Mark-IV_2017_07_31_28780.jpg\" class=\"envira-gallery-1063 envira-gallery-link\" rel=\"enviragallery1063\" title=\"Bruchwasserl\u00e4ufer (Tringa glareola)\" data-envira-caption=\"Bruchwasserl\u00e4ufer (Tringa glareola)\" data-envira-retina=\"\" data-thumbnail=\"\"  itemprop=\"contentUrl\"><img id=\"envira-gallery-image-1067\" class=\"envira-gallery-image envira-gallery-image-3 envira-normal envira-lazy\" data-envira-index=\"3\" src=\"https:\/\/www.wolframs-naturfotos.de\/wordpress\/wp-content\/uploads\/2017\/08\/EOS-1D-Mark-IV_2017_07_31_28780-1024x682-640x480.jpg\" data-envira-src=\"https:\/\/www.wolframs-naturfotos.de\/wordpress\/wp-content\/uploads\/2017\/08\/EOS-1D-Mark-IV_2017_07_31_28780-1024x682-640x480.jpg\" data-envira-gallery-id=\"1063\" data-envira-item-id=\"1067\" data-envira-caption=\"Bruchwasserl\u00e4ufer (Tringa glareola)\" alt=\"\" title=\"Bruchwasserl\u00e4ufer (Tringa glareola)\"  itemprop=\"thumbnailUrl\" data-envira-srcset=\"https:\/\/www.wolframs-naturfotos.de\/wordpress\/wp-content\/uploads\/2017\/08\/EOS-1D-Mark-IV_2017_07_31_28780-1024x682-640x480.jpg 400w,https:\/\/www.wolframs-naturfotos.de\/wordpress\/wp-content\/uploads\/2017\/08\/EOS-1D-Mark-IV_2017_07_31_28780-1024x682-640x480.jpg 2x\" data-envira-width=\"300\" data-envira-height=\"200\" srcset=\"data:image\/gif;base64,R0lGODlhAQABAIAAAP\/\/\/\/\/\/\/yH5BAEKAAEALAAAAAABAAEAAAICTAEAOw==\" data-safe-src=\"data:image\/gif;base64,R0lGODlhAQABAIAAAP\/\/\/\/\/\/\/yH5BAEKAAEALAAAAAABAAEAAAICTAEAOw==\" \/><\/a><\/div><\/div><div id=\"envira-gallery-item-1068\" class=\"envira-gallery-item enviratope-item envira-gallery-item-4\" style=\"padding-left: 5px; padding-bottom: 10px; padding-right: 5px;\"  itemscope itemtype=\"https:\/\/schema.org\/ImageObject\"><div class=\"envira-gallery-item-inner\"><div class=\"envira-gallery-position-overlay  envira-gallery-top-left\"><\/div><div class=\"envira-gallery-position-overlay  envira-gallery-top-right\"><\/div><div class=\"envira-gallery-position-overlay  envira-gallery-bottom-left\"><\/div><div class=\"envira-gallery-position-overlay  envira-gallery-bottom-right\"><\/div><a href=\"http:\/\/www.wolframs-naturfotos.de\/wordpress\/wp-content\/uploads\/2017\/08\/EOS-1D-Mark-IV_2017_08_14_31360.jpg\" class=\"envira-gallery-1063 envira-gallery-link\" rel=\"enviragallery1063\" title=\"Flussuferl\u00e4ufer (Actitis hypoleucos)\" data-envira-caption=\"Flussuferl\u00e4ufer (Actitis hypoleucos)\" data-envira-retina=\"\" data-thumbnail=\"\"  itemprop=\"contentUrl\"><img id=\"envira-gallery-image-1068\" class=\"envira-gallery-image envira-gallery-image-4 envira-normal envira-lazy\" data-envira-index=\"4\" src=\"https:\/\/www.wolframs-naturfotos.de\/wordpress\/wp-content\/uploads\/2017\/08\/EOS-1D-Mark-IV_2017_08_14_31360-1024x682-640x480.jpg\" data-envira-src=\"https:\/\/www.wolframs-naturfotos.de\/wordpress\/wp-content\/uploads\/2017\/08\/EOS-1D-Mark-IV_2017_08_14_31360-1024x682-640x480.jpg\" data-envira-gallery-id=\"1063\" data-envira-item-id=\"1068\" data-envira-caption=\"Flussuferl\u00e4ufer (Actitis hypoleucos)\" alt=\"\" title=\"Flussuferl\u00e4ufer (Actitis hypoleucos)\"  itemprop=\"thumbnailUrl\" data-envira-srcset=\"https:\/\/www.wolframs-naturfotos.de\/wordpress\/wp-content\/uploads\/2017\/08\/EOS-1D-Mark-IV_2017_08_14_31360-1024x682-640x480.jpg 400w,https:\/\/www.wolframs-naturfotos.de\/wordpress\/wp-content\/uploads\/2017\/08\/EOS-1D-Mark-IV_2017_08_14_31360-1024x682-640x480.jpg 2x\" data-envira-width=\"300\" data-envira-height=\"200\" srcset=\"data:image\/gif;base64,R0lGODlhAQABAIAAAP\/\/\/\/\/\/\/yH5BAEKAAEALAAAAAABAAEAAAICTAEAOw==\" data-safe-src=\"data:image\/gif;base64,R0lGODlhAQABAIAAAP\/\/\/\/\/\/\/yH5BAEKAAEALAAAAAABAAEAAAICTAEAOw==\" \/><\/a><\/div><\/div><div id=\"envira-gallery-item-1070\" class=\"envira-gallery-item enviratope-item envira-gallery-item-5\" style=\"padding-left: 5px; padding-bottom: 10px; padding-right: 5px;\"  itemscope itemtype=\"https:\/\/schema.org\/ImageObject\"><div class=\"envira-gallery-item-inner\"><div class=\"envira-gallery-position-overlay  envira-gallery-top-left\"><\/div><div class=\"envira-gallery-position-overlay  envira-gallery-top-right\"><\/div><div class=\"envira-gallery-position-overlay  envira-gallery-bottom-left\"><\/div><div class=\"envira-gallery-position-overlay  envira-gallery-bottom-right\"><\/div><a href=\"http:\/\/www.wolframs-naturfotos.de\/wordpress\/wp-content\/uploads\/2017\/08\/EOS-7D-Mark-II_2017_07_23_27059.jpg\" class=\"envira-gallery-1063 envira-gallery-link\" rel=\"enviragallery1063\" title=\"Kiebitz (Vanellus vanellus)\" data-envira-caption=\"Kiebitz (Vanellus vanellus)\" data-envira-retina=\"\" data-thumbnail=\"\"  itemprop=\"contentUrl\"><img id=\"envira-gallery-image-1070\" class=\"envira-gallery-image envira-gallery-image-5 envira-normal envira-lazy\" data-envira-index=\"5\" src=\"https:\/\/www.wolframs-naturfotos.de\/wordpress\/wp-content\/uploads\/2017\/08\/EOS-7D-Mark-II_2017_07_23_27059-1024x682-640x480.jpg\" data-envira-src=\"https:\/\/www.wolframs-naturfotos.de\/wordpress\/wp-content\/uploads\/2017\/08\/EOS-7D-Mark-II_2017_07_23_27059-1024x682-640x480.jpg\" data-envira-gallery-id=\"1063\" data-envira-item-id=\"1070\" data-envira-caption=\"Kiebitz (Vanellus vanellus)\" alt=\"\" title=\"Kiebitz (Vanellus vanellus)\"  itemprop=\"thumbnailUrl\" data-envira-srcset=\"https:\/\/www.wolframs-naturfotos.de\/wordpress\/wp-content\/uploads\/2017\/08\/EOS-7D-Mark-II_2017_07_23_27059-1024x682-640x480.jpg 400w,https:\/\/www.wolframs-naturfotos.de\/wordpress\/wp-content\/uploads\/2017\/08\/EOS-7D-Mark-II_2017_07_23_27059-1024x682-640x480.jpg 2x\" data-envira-width=\"300\" data-envira-height=\"200\" srcset=\"data:image\/gif;base64,R0lGODlhAQABAIAAAP\/\/\/\/\/\/\/yH5BAEKAAEALAAAAAABAAEAAAICTAEAOw==\" data-safe-src=\"data:image\/gif;base64,R0lGODlhAQABAIAAAP\/\/\/\/\/\/\/yH5BAEKAAEALAAAAAABAAEAAAICTAEAOw==\" \/><\/a><\/div><\/div><div id=\"envira-gallery-item-1071\" class=\"envira-gallery-item enviratope-item envira-gallery-item-6\" style=\"padding-left: 5px; padding-bottom: 10px; padding-right: 5px;\"  itemscope itemtype=\"https:\/\/schema.org\/ImageObject\"><div class=\"envira-gallery-item-inner\"><div class=\"envira-gallery-position-overlay  envira-gallery-top-left\"><\/div><div class=\"envira-gallery-position-overlay  envira-gallery-top-right\"><\/div><div class=\"envira-gallery-position-overlay  envira-gallery-bottom-left\"><\/div><div class=\"envira-gallery-position-overlay  envira-gallery-bottom-right\"><\/div><a href=\"http:\/\/www.wolframs-naturfotos.de\/wordpress\/wp-content\/uploads\/2017\/08\/EOS-1D-Mark-IV_2017_07_31_28838.jpg\" class=\"envira-gallery-1063 envira-gallery-link\" rel=\"enviragallery1063\" title=\"Pfuhlschnepfe (Limosa lapponica)\" data-envira-caption=\"Pfuhlschnepfe (Limosa lapponica)\" data-envira-retina=\"\" data-thumbnail=\"\"  itemprop=\"contentUrl\"><img id=\"envira-gallery-image-1071\" class=\"envira-gallery-image envira-gallery-image-6 envira-normal envira-lazy\" data-envira-index=\"6\" src=\"https:\/\/www.wolframs-naturfotos.de\/wordpress\/wp-content\/uploads\/2017\/08\/EOS-1D-Mark-IV_2017_07_31_28838-640x480.jpg\" data-envira-src=\"https:\/\/www.wolframs-naturfotos.de\/wordpress\/wp-content\/uploads\/2017\/08\/EOS-1D-Mark-IV_2017_07_31_28838-640x480.jpg\" data-envira-gallery-id=\"1063\" data-envira-item-id=\"1071\" data-envira-caption=\"Pfuhlschnepfe (Limosa lapponica)\" alt=\"\" title=\"Pfuhlschnepfe (Limosa lapponica)\"  itemprop=\"thumbnailUrl\" data-envira-srcset=\"https:\/\/www.wolframs-naturfotos.de\/wordpress\/wp-content\/uploads\/2017\/08\/EOS-1D-Mark-IV_2017_07_31_28838-640x480.jpg 400w,https:\/\/www.wolframs-naturfotos.de\/wordpress\/wp-content\/uploads\/2017\/08\/EOS-1D-Mark-IV_2017_07_31_28838-640x480.jpg 2x\" data-envira-width=\"200\" data-envira-height=\"300\" srcset=\"data:image\/gif;base64,R0lGODlhAQABAIAAAP\/\/\/\/\/\/\/yH5BAEKAAEALAAAAAABAAEAAAICTAEAOw==\" data-safe-src=\"data:image\/gif;base64,R0lGODlhAQABAIAAAP\/\/\/\/\/\/\/yH5BAEKAAEALAAAAAABAAEAAAICTAEAOw==\" \/><\/a><\/div><\/div><div id=\"envira-gallery-item-1066\" class=\"envira-gallery-item enviratope-item envira-gallery-item-7\" style=\"padding-left: 5px; padding-bottom: 10px; padding-right: 5px;\"  itemscope itemtype=\"https:\/\/schema.org\/ImageObject\"><div class=\"envira-gallery-item-inner\"><div class=\"envira-gallery-position-overlay  envira-gallery-top-left\"><\/div><div class=\"envira-gallery-position-overlay  envira-gallery-top-right\"><\/div><div class=\"envira-gallery-position-overlay  envira-gallery-bottom-left\"><\/div><div class=\"envira-gallery-position-overlay  envira-gallery-bottom-right\"><\/div><a href=\"http:\/\/www.wolframs-naturfotos.de\/wordpress\/wp-content\/uploads\/2017\/08\/EOS-1D-Mark-IV_2017_08_12_31205.jpg\" class=\"envira-gallery-1063 envira-gallery-link\" rel=\"enviragallery1063\" title=\"Bekassine (Gallinago gallinago)\" data-envira-caption=\"Bekassine (Gallinago gallinago)\" data-envira-retina=\"\" data-thumbnail=\"\"  itemprop=\"contentUrl\"><img id=\"envira-gallery-image-1066\" class=\"envira-gallery-image envira-gallery-image-7 envira-normal envira-lazy\" data-envira-index=\"7\" src=\"https:\/\/www.wolframs-naturfotos.de\/wordpress\/wp-content\/uploads\/2017\/08\/EOS-1D-Mark-IV_2017_08_12_31205-1024x683-640x480.jpg\" data-envira-src=\"https:\/\/www.wolframs-naturfotos.de\/wordpress\/wp-content\/uploads\/2017\/08\/EOS-1D-Mark-IV_2017_08_12_31205-1024x683-640x480.jpg\" data-envira-gallery-id=\"1063\" data-envira-item-id=\"1066\" data-envira-caption=\"Bekassine (Gallinago gallinago)\" alt=\"\" title=\"Bekassine (Gallinago gallinago)\"  itemprop=\"thumbnailUrl\" data-envira-srcset=\"https:\/\/www.wolframs-naturfotos.de\/wordpress\/wp-content\/uploads\/2017\/08\/EOS-1D-Mark-IV_2017_08_12_31205-1024x683-640x480.jpg 400w,https:\/\/www.wolframs-naturfotos.de\/wordpress\/wp-content\/uploads\/2017\/08\/EOS-1D-Mark-IV_2017_08_12_31205-1024x683-640x480.jpg 2x\" data-envira-width=\"300\" data-envira-height=\"200\" srcset=\"data:image\/gif;base64,R0lGODlhAQABAIAAAP\/\/\/\/\/\/\/yH5BAEKAAEALAAAAAABAAEAAAICTAEAOw==\" data-safe-src=\"data:image\/gif;base64,R0lGODlhAQABAIAAAP\/\/\/\/\/\/\/yH5BAEKAAEALAAAAAABAAEAAAICTAEAOw==\" \/><\/a><\/div><\/div><div id=\"envira-gallery-item-1072\" class=\"envira-gallery-item enviratope-item envira-gallery-item-8\" style=\"padding-left: 5px; padding-bottom: 10px; padding-right: 5px;\"  itemscope itemtype=\"https:\/\/schema.org\/ImageObject\"><div class=\"envira-gallery-item-inner\"><div class=\"envira-gallery-position-overlay  envira-gallery-top-left\"><\/div><div class=\"envira-gallery-position-overlay  envira-gallery-top-right\"><\/div><div class=\"envira-gallery-position-overlay  envira-gallery-bottom-left\"><\/div><div class=\"envira-gallery-position-overlay  envira-gallery-bottom-right\"><\/div><a href=\"http:\/\/www.wolframs-naturfotos.de\/wordpress\/wp-content\/uploads\/2017\/08\/EOS-1D-Mark-IV_2017_07_31_28649.jpg\" class=\"envira-gallery-1063 envira-gallery-link\" rel=\"enviragallery1063\" title=\"Rotschenkel (Tringa totanus)\" data-envira-caption=\"Rotschenkel (Tringa totanus)\" data-envira-retina=\"\" data-thumbnail=\"\"  itemprop=\"contentUrl\"><img id=\"envira-gallery-image-1072\" class=\"envira-gallery-image envira-gallery-image-8 envira-normal envira-lazy\" data-envira-index=\"8\" src=\"https:\/\/www.wolframs-naturfotos.de\/wordpress\/wp-content\/uploads\/2017\/08\/EOS-1D-Mark-IV_2017_07_31_28649-1024x682-640x480.jpg\" data-envira-src=\"https:\/\/www.wolframs-naturfotos.de\/wordpress\/wp-content\/uploads\/2017\/08\/EOS-1D-Mark-IV_2017_07_31_28649-1024x682-640x480.jpg\" data-envira-gallery-id=\"1063\" data-envira-item-id=\"1072\" data-envira-caption=\"Rotschenkel (Tringa totanus)\" alt=\"\" title=\"Rotschenkel (Tringa totanus)\"  itemprop=\"thumbnailUrl\" data-envira-srcset=\"https:\/\/www.wolframs-naturfotos.de\/wordpress\/wp-content\/uploads\/2017\/08\/EOS-1D-Mark-IV_2017_07_31_28649-1024x682-640x480.jpg 400w,https:\/\/www.wolframs-naturfotos.de\/wordpress\/wp-content\/uploads\/2017\/08\/EOS-1D-Mark-IV_2017_07_31_28649-1024x682-640x480.jpg 2x\" data-envira-width=\"300\" data-envira-height=\"200\" srcset=\"data:image\/gif;base64,R0lGODlhAQABAIAAAP\/\/\/\/\/\/\/yH5BAEKAAEALAAAAAABAAEAAAICTAEAOw==\" data-safe-src=\"data:image\/gif;base64,R0lGODlhAQABAIAAAP\/\/\/\/\/\/\/yH5BAEKAAEALAAAAAABAAEAAAICTAEAOw==\" \/><\/a><\/div><\/div><div id=\"envira-gallery-item-1073\" class=\"envira-gallery-item enviratope-item envira-gallery-item-9\" style=\"padding-left: 5px; padding-bottom: 10px; padding-right: 5px;\"  itemscope itemtype=\"https:\/\/schema.org\/ImageObject\"><div class=\"envira-gallery-item-inner\"><div class=\"envira-gallery-position-overlay  envira-gallery-top-left\"><\/div><div class=\"envira-gallery-position-overlay  envira-gallery-top-right\"><\/div><div class=\"envira-gallery-position-overlay  envira-gallery-bottom-left\"><\/div><div class=\"envira-gallery-position-overlay  envira-gallery-bottom-right\"><\/div><a href=\"http:\/\/www.wolframs-naturfotos.de\/wordpress\/wp-content\/uploads\/2017\/08\/EOS-1D-Mark-IV_2017_08_14_30857.jpg\" class=\"envira-gallery-1063 envira-gallery-link\" rel=\"enviragallery1063\" title=\"S\u00e4belschn\u00e4bler (Recurvirostra avosetta)\" data-envira-caption=\"S\u00e4belschn\u00e4bler (Recurvirostra avosetta)\" data-envira-retina=\"\" data-thumbnail=\"\"  itemprop=\"contentUrl\"><img id=\"envira-gallery-image-1073\" class=\"envira-gallery-image envira-gallery-image-9 envira-normal envira-lazy\" data-envira-index=\"9\" src=\"https:\/\/www.wolframs-naturfotos.de\/wordpress\/wp-content\/uploads\/2017\/08\/EOS-1D-Mark-IV_2017_08_14_30857-1024x682-640x480.jpg\" data-envira-src=\"https:\/\/www.wolframs-naturfotos.de\/wordpress\/wp-content\/uploads\/2017\/08\/EOS-1D-Mark-IV_2017_08_14_30857-1024x682-640x480.jpg\" data-envira-gallery-id=\"1063\" data-envira-item-id=\"1073\" data-envira-caption=\"S\u00e4belschn\u00e4bler (Recurvirostra avosetta)\" alt=\"\" title=\"S\u00e4belschn\u00e4bler (Recurvirostra avosetta)\"  itemprop=\"thumbnailUrl\" data-envira-srcset=\"https:\/\/www.wolframs-naturfotos.de\/wordpress\/wp-content\/uploads\/2017\/08\/EOS-1D-Mark-IV_2017_08_14_30857-1024x682-640x480.jpg 400w,https:\/\/www.wolframs-naturfotos.de\/wordpress\/wp-content\/uploads\/2017\/08\/EOS-1D-Mark-IV_2017_08_14_30857-1024x682-640x480.jpg 2x\" data-envira-width=\"300\" data-envira-height=\"200\" srcset=\"data:image\/gif;base64,R0lGODlhAQABAIAAAP\/\/\/\/\/\/\/yH5BAEKAAEALAAAAAABAAEAAAICTAEAOw==\" data-safe-src=\"data:image\/gif;base64,R0lGODlhAQABAIAAAP\/\/\/\/\/\/\/yH5BAEKAAEALAAAAAABAAEAAAICTAEAOw==\" \/><\/a><\/div><\/div><div id=\"envira-gallery-item-1074\" class=\"envira-gallery-item enviratope-item envira-gallery-item-10\" style=\"padding-left: 5px; padding-bottom: 10px; padding-right: 5px;\"  itemscope itemtype=\"https:\/\/schema.org\/ImageObject\"><div class=\"envira-gallery-item-inner\"><div class=\"envira-gallery-position-overlay  envira-gallery-top-left\"><\/div><div class=\"envira-gallery-position-overlay  envira-gallery-top-right\"><\/div><div class=\"envira-gallery-position-overlay  envira-gallery-bottom-left\"><\/div><div class=\"envira-gallery-position-overlay  envira-gallery-bottom-right\"><\/div><a href=\"http:\/\/www.wolframs-naturfotos.de\/wordpress\/wp-content\/uploads\/2017\/08\/EOS-1D-Mark-IV_2017_08_12_31181.jpg\" class=\"envira-gallery-1063 envira-gallery-link\" rel=\"enviragallery1063\" title=\"Steinw\u00e4lzer (Arenaria interpres)\" data-envira-caption=\"Steinw\u00e4lzer (Arenaria interpres)\" data-envira-retina=\"\" data-thumbnail=\"\"  itemprop=\"contentUrl\"><img id=\"envira-gallery-image-1074\" class=\"envira-gallery-image envira-gallery-image-10 envira-normal envira-lazy\" data-envira-index=\"10\" src=\"https:\/\/www.wolframs-naturfotos.de\/wordpress\/wp-content\/uploads\/2017\/08\/EOS-1D-Mark-IV_2017_08_12_31181-1024x682-640x480.jpg\" data-envira-src=\"https:\/\/www.wolframs-naturfotos.de\/wordpress\/wp-content\/uploads\/2017\/08\/EOS-1D-Mark-IV_2017_08_12_31181-1024x682-640x480.jpg\" data-envira-gallery-id=\"1063\" data-envira-item-id=\"1074\" data-envira-caption=\"Steinw\u00e4lzer (Arenaria interpres)\" alt=\"\" title=\"Steinw\u00e4lzer (Arenaria interpres)\"  itemprop=\"thumbnailUrl\" data-envira-srcset=\"https:\/\/www.wolframs-naturfotos.de\/wordpress\/wp-content\/uploads\/2017\/08\/EOS-1D-Mark-IV_2017_08_12_31181-1024x682-640x480.jpg 400w,https:\/\/www.wolframs-naturfotos.de\/wordpress\/wp-content\/uploads\/2017\/08\/EOS-1D-Mark-IV_2017_08_12_31181-1024x682-640x480.jpg 2x\" data-envira-width=\"300\" data-envira-height=\"200\" srcset=\"data:image\/gif;base64,R0lGODlhAQABAIAAAP\/\/\/\/\/\/\/yH5BAEKAAEALAAAAAABAAEAAAICTAEAOw==\" data-safe-src=\"data:image\/gif;base64,R0lGODlhAQABAIAAAP\/\/\/\/\/\/\/yH5BAEKAAEALAAAAAABAAEAAAICTAEAOw==\" \/><\/a><\/div><\/div><div id=\"envira-gallery-item-1080\" class=\"envira-gallery-item enviratope-item envira-gallery-item-11\" style=\"padding-left: 5px; padding-bottom: 10px; padding-right: 5px;\"  itemscope itemtype=\"https:\/\/schema.org\/ImageObject\"><div class=\"envira-gallery-item-inner\"><div class=\"envira-gallery-position-overlay  envira-gallery-top-left\"><\/div><div class=\"envira-gallery-position-overlay  envira-gallery-top-right\"><\/div><div class=\"envira-gallery-position-overlay  envira-gallery-bottom-left\"><\/div><div class=\"envira-gallery-position-overlay  envira-gallery-bottom-right\"><\/div><a href=\"http:\/\/www.wolframs-naturfotos.de\/wordpress\/wp-content\/uploads\/2017\/08\/EOS-1D-Mark-IV_2017_08_23_32309.jpg\" class=\"envira-gallery-1063 envira-gallery-link\" rel=\"enviragallery1063\" title=\"Kampfl\u00e4ufer (Philomachus pugnax)\" data-envira-caption=\"Kampfl\u00e4ufer (Philomachus pugnax)\" data-envira-retina=\"\" data-thumbnail=\"\"  itemprop=\"contentUrl\"><img id=\"envira-gallery-image-1080\" class=\"envira-gallery-image envira-gallery-image-11 envira-normal envira-lazy\" data-envira-index=\"11\" src=\"https:\/\/www.wolframs-naturfotos.de\/wordpress\/wp-content\/uploads\/2017\/08\/EOS-1D-Mark-IV_2017_08_23_32309-1024x682-640x480.jpg\" data-envira-src=\"https:\/\/www.wolframs-naturfotos.de\/wordpress\/wp-content\/uploads\/2017\/08\/EOS-1D-Mark-IV_2017_08_23_32309-1024x682-640x480.jpg\" data-envira-gallery-id=\"1063\" data-envira-item-id=\"1080\" data-envira-caption=\"Kampfl\u00e4ufer (Philomachus pugnax)\" alt=\"\" title=\"Kampfl\u00e4ufer (Philomachus pugnax)\"  itemprop=\"thumbnailUrl\" data-envira-srcset=\"https:\/\/www.wolframs-naturfotos.de\/wordpress\/wp-content\/uploads\/2017\/08\/EOS-1D-Mark-IV_2017_08_23_32309-1024x682-640x480.jpg 400w,https:\/\/www.wolframs-naturfotos.de\/wordpress\/wp-content\/uploads\/2017\/08\/EOS-1D-Mark-IV_2017_08_23_32309-1024x682-640x480.jpg 2x\" data-envira-width=\"300\" data-envira-height=\"200\" srcset=\"data:image\/gif;base64,R0lGODlhAQABAIAAAP\/\/\/\/\/\/\/yH5BAEKAAEALAAAAAABAAEAAAICTAEAOw==\" data-safe-src=\"data:image\/gif;base64,R0lGODlhAQABAIAAAP\/\/\/\/\/\/\/yH5BAEKAAEALAAAAAABAAEAAAICTAEAOw==\" \/><\/a><\/div><\/div><div id=\"envira-gallery-item-1081\" class=\"envira-gallery-item enviratope-item envira-gallery-item-12\" style=\"padding-left: 5px; padding-bottom: 10px; padding-right: 5px;\"  itemscope itemtype=\"https:\/\/schema.org\/ImageObject\"><div class=\"envira-gallery-item-inner\"><div class=\"envira-gallery-position-overlay  envira-gallery-top-left\"><\/div><div class=\"envira-gallery-position-overlay  envira-gallery-top-right\"><\/div><div class=\"envira-gallery-position-overlay  envira-gallery-bottom-left\"><\/div><div class=\"envira-gallery-position-overlay  envira-gallery-bottom-right\"><\/div><a href=\"http:\/\/www.wolframs-naturfotos.de\/wordpress\/wp-content\/uploads\/2017\/08\/EOS-1D-Mark-IV_2017_08_22_31982.jpg\" class=\"envira-gallery-1063 envira-gallery-link\" rel=\"enviragallery1063\" title=\"Waldwasserl\u00e4ufer (Tringa ochropus)\" data-envira-caption=\"Waldwasserl\u00e4ufer (Tringa ochropus)\" data-envira-retina=\"\" data-thumbnail=\"\"  itemprop=\"contentUrl\"><img id=\"envira-gallery-image-1081\" class=\"envira-gallery-image envira-gallery-image-12 envira-normal envira-lazy\" data-envira-index=\"12\" src=\"https:\/\/www.wolframs-naturfotos.de\/wordpress\/wp-content\/uploads\/2017\/08\/EOS-1D-Mark-IV_2017_08_22_31982-1024x682-640x480.jpg\" data-envira-src=\"https:\/\/www.wolframs-naturfotos.de\/wordpress\/wp-content\/uploads\/2017\/08\/EOS-1D-Mark-IV_2017_08_22_31982-1024x682-640x480.jpg\" data-envira-gallery-id=\"1063\" data-envira-item-id=\"1081\" data-envira-caption=\"Waldwasserl\u00e4ufer (Tringa ochropus)\" alt=\"\" title=\"Waldwasserl\u00e4ufer (Tringa ochropus)\"  itemprop=\"thumbnailUrl\" data-envira-srcset=\"https:\/\/www.wolframs-naturfotos.de\/wordpress\/wp-content\/uploads\/2017\/08\/EOS-1D-Mark-IV_2017_08_22_31982-1024x682-640x480.jpg 400w,https:\/\/www.wolframs-naturfotos.de\/wordpress\/wp-content\/uploads\/2017\/08\/EOS-1D-Mark-IV_2017_08_22_31982-1024x682-640x480.jpg 2x\" data-envira-width=\"300\" data-envira-height=\"200\" srcset=\"data:image\/gif;base64,R0lGODlhAQABAIAAAP\/\/\/\/\/\/\/yH5BAEKAAEALAAAAAABAAEAAAICTAEAOw==\" data-safe-src=\"data:image\/gif;base64,R0lGODlhAQABAIAAAP\/\/\/\/\/\/\/yH5BAEKAAEALAAAAAABAAEAAAICTAEAOw==\" \/><\/a><\/div><\/div><div id=\"envira-gallery-item-1082\" class=\"envira-gallery-item enviratope-item envira-gallery-item-13\" style=\"padding-left: 5px; padding-bottom: 10px; padding-right: 5px;\"  itemscope itemtype=\"https:\/\/schema.org\/ImageObject\"><div class=\"envira-gallery-item-inner\"><div class=\"envira-gallery-position-overlay  envira-gallery-top-left\"><\/div><div class=\"envira-gallery-position-overlay  envira-gallery-top-right\"><\/div><div class=\"envira-gallery-position-overlay  envira-gallery-bottom-left\"><\/div><div class=\"envira-gallery-position-overlay  envira-gallery-bottom-right\"><\/div><a href=\"http:\/\/www.wolframs-naturfotos.de\/wordpress\/wp-content\/uploads\/2017\/08\/EOS-1D-Mark-IV_2017_08_22_31780.jpg\" class=\"envira-gallery-1063 envira-gallery-link\" rel=\"enviragallery1063\" title=\"Gro\u00dfer Brachvogel (Numenius arquata)\" data-envira-caption=\"Gro\u00dfer Brachvogel (Numenius arquata)\" data-envira-retina=\"\" data-thumbnail=\"\"  itemprop=\"contentUrl\"><img id=\"envira-gallery-image-1082\" class=\"envira-gallery-image envira-gallery-image-13 envira-normal envira-lazy\" data-envira-index=\"13\" src=\"https:\/\/www.wolframs-naturfotos.de\/wordpress\/wp-content\/uploads\/2017\/08\/EOS-1D-Mark-IV_2017_08_22_31780-1024x682-640x480.jpg\" data-envira-src=\"https:\/\/www.wolframs-naturfotos.de\/wordpress\/wp-content\/uploads\/2017\/08\/EOS-1D-Mark-IV_2017_08_22_31780-1024x682-640x480.jpg\" data-envira-gallery-id=\"1063\" data-envira-item-id=\"1082\" data-envira-caption=\"Gro\u00dfer Brachvogel (Numenius arquata)\" alt=\"\" title=\"Gro\u00dfer Brachvogel (Numenius arquata)\"  itemprop=\"thumbnailUrl\" data-envira-srcset=\"https:\/\/www.wolframs-naturfotos.de\/wordpress\/wp-content\/uploads\/2017\/08\/EOS-1D-Mark-IV_2017_08_22_31780-1024x682-640x480.jpg 400w,https:\/\/www.wolframs-naturfotos.de\/wordpress\/wp-content\/uploads\/2017\/08\/EOS-1D-Mark-IV_2017_08_22_31780-1024x682-640x480.jpg 2x\" data-envira-width=\"300\" data-envira-height=\"200\" srcset=\"data:image\/gif;base64,R0lGODlhAQABAIAAAP\/\/\/\/\/\/\/yH5BAEKAAEALAAAAAABAAEAAAICTAEAOw==\" data-safe-src=\"data:image\/gif;base64,R0lGODlhAQABAIAAAP\/\/\/\/\/\/\/yH5BAEKAAEALAAAAAABAAEAAAICTAEAOw==\" \/><\/a><\/div><\/div><div id=\"envira-gallery-item-1085\" class=\"envira-gallery-item enviratope-item envira-gallery-item-14\" style=\"padding-left: 5px; padding-bottom: 10px; padding-right: 5px;\"  itemscope itemtype=\"https:\/\/schema.org\/ImageObject\"><div class=\"envira-gallery-item-inner\"><div class=\"envira-gallery-position-overlay  envira-gallery-top-left\"><\/div><div class=\"envira-gallery-position-overlay  envira-gallery-top-right\"><\/div><div class=\"envira-gallery-position-overlay  envira-gallery-bottom-left\"><\/div><div class=\"envira-gallery-position-overlay  envira-gallery-bottom-right\"><\/div><a href=\"http:\/\/www.wolframs-naturfotos.de\/wordpress\/wp-content\/uploads\/2017\/08\/EOS-1D-Mark-IV_2017_09_04_34997.jpg\" class=\"envira-gallery-1063 envira-gallery-link\" rel=\"enviragallery1063\" title=\"Temminckstrandl\u00e4ufer (Calidris temminckii)\" data-envira-caption=\"Temminckstrandl\u00e4ufer (Calidris temminckii)\" data-envira-retina=\"\" data-thumbnail=\"\"  itemprop=\"contentUrl\"><img id=\"envira-gallery-image-1085\" class=\"envira-gallery-image envira-gallery-image-14 envira-normal envira-lazy\" data-envira-index=\"14\" src=\"https:\/\/www.wolframs-naturfotos.de\/wordpress\/wp-content\/uploads\/2017\/08\/EOS-1D-Mark-IV_2017_09_04_34997-1024x682-640x480.jpg\" data-envira-src=\"https:\/\/www.wolframs-naturfotos.de\/wordpress\/wp-content\/uploads\/2017\/08\/EOS-1D-Mark-IV_2017_09_04_34997-1024x682-640x480.jpg\" data-envira-gallery-id=\"1063\" data-envira-item-id=\"1085\" data-envira-caption=\"Temminckstrandl\u00e4ufer (Calidris temminckii)\" alt=\"\" title=\"Temminckstrandl\u00e4ufer (Calidris temminckii)\"  itemprop=\"thumbnailUrl\" data-envira-srcset=\"https:\/\/www.wolframs-naturfotos.de\/wordpress\/wp-content\/uploads\/2017\/08\/EOS-1D-Mark-IV_2017_09_04_34997-1024x682-640x480.jpg 400w,https:\/\/www.wolframs-naturfotos.de\/wordpress\/wp-content\/uploads\/2017\/08\/EOS-1D-Mark-IV_2017_09_04_34997-1024x682-640x480.jpg 2x\" data-envira-width=\"300\" data-envira-height=\"200\" srcset=\"data:image\/gif;base64,R0lGODlhAQABAIAAAP\/\/\/\/\/\/\/yH5BAEKAAEALAAAAAABAAEAAAICTAEAOw==\" data-safe-src=\"data:image\/gif;base64,R0lGODlhAQABAIAAAP\/\/\/\/\/\/\/yH5BAEKAAEALAAAAAABAAEAAAICTAEAOw==\" \/><\/a><\/div><\/div><div id=\"envira-gallery-item-1086\" class=\"envira-gallery-item enviratope-item envira-gallery-item-15\" style=\"padding-left: 5px; padding-bottom: 10px; padding-right: 5px;\"  itemscope itemtype=\"https:\/\/schema.org\/ImageObject\"><div class=\"envira-gallery-item-inner\"><div class=\"envira-gallery-position-overlay  envira-gallery-top-left\"><\/div><div class=\"envira-gallery-position-overlay  envira-gallery-top-right\"><\/div><div class=\"envira-gallery-position-overlay  envira-gallery-bottom-left\"><\/div><div class=\"envira-gallery-position-overlay  envira-gallery-bottom-right\"><\/div><a href=\"http:\/\/www.wolframs-naturfotos.de\/wordpress\/wp-content\/uploads\/2017\/08\/EOS-1D-Mark-IV_2017_09_03_35049.jpg\" class=\"envira-gallery-1063 envira-gallery-link\" rel=\"enviragallery1063\" title=\"Sichelstrandl\u00e4ufer (Calidris ferruginea)\" data-envira-caption=\"Sichelstrandl\u00e4ufer (Calidris ferruginea)\" data-envira-retina=\"\" data-thumbnail=\"\"  itemprop=\"contentUrl\"><img id=\"envira-gallery-image-1086\" class=\"envira-gallery-image envira-gallery-image-15 envira-normal envira-lazy\" data-envira-index=\"15\" src=\"https:\/\/www.wolframs-naturfotos.de\/wordpress\/wp-content\/uploads\/2017\/08\/EOS-1D-Mark-IV_2017_09_03_35049-1024x682-640x480.jpg\" data-envira-src=\"https:\/\/www.wolframs-naturfotos.de\/wordpress\/wp-content\/uploads\/2017\/08\/EOS-1D-Mark-IV_2017_09_03_35049-1024x682-640x480.jpg\" data-envira-gallery-id=\"1063\" data-envira-item-id=\"1086\" data-envira-caption=\"Sichelstrandl\u00e4ufer (Calidris ferruginea)\" alt=\"\" title=\"Sichelstrandl\u00e4ufer (Calidris ferruginea)\"  itemprop=\"thumbnailUrl\" data-envira-srcset=\"https:\/\/www.wolframs-naturfotos.de\/wordpress\/wp-content\/uploads\/2017\/08\/EOS-1D-Mark-IV_2017_09_03_35049-1024x682-640x480.jpg 400w,https:\/\/www.wolframs-naturfotos.de\/wordpress\/wp-content\/uploads\/2017\/08\/EOS-1D-Mark-IV_2017_09_03_35049-1024x682-640x480.jpg 2x\" data-envira-width=\"300\" data-envira-height=\"200\" srcset=\"data:image\/gif;base64,R0lGODlhAQABAIAAAP\/\/\/\/\/\/\/yH5BAEKAAEALAAAAAABAAEAAAICTAEAOw==\" data-safe-src=\"data:image\/gif;base64,R0lGODlhAQABAIAAAP\/\/\/\/\/\/\/yH5BAEKAAEALAAAAAABAAEAAAICTAEAOw==\" \/><\/a><\/div><\/div><div id=\"envira-gallery-item-1087\" class=\"envira-gallery-item enviratope-item envira-gallery-item-16\" style=\"padding-left: 5px; padding-bottom: 10px; padding-right: 5px;\"  itemscope itemtype=\"https:\/\/schema.org\/ImageObject\"><div class=\"envira-gallery-item-inner\"><div class=\"envira-gallery-position-overlay  envira-gallery-top-left\"><\/div><div class=\"envira-gallery-position-overlay  envira-gallery-top-right\"><\/div><div class=\"envira-gallery-position-overlay  envira-gallery-bottom-left\"><\/div><div class=\"envira-gallery-position-overlay  envira-gallery-bottom-right\"><\/div><a href=\"http:\/\/www.wolframs-naturfotos.de\/wordpress\/wp-content\/uploads\/2017\/08\/EOS-1D-Mark-IV_2017_09_04_34795.jpg\" class=\"envira-gallery-1063 envira-gallery-link\" rel=\"enviragallery1063\" title=\"Flussregenpfeifer (Charadrius dubius)\" data-envira-caption=\"Flussregenpfeifer (Charadrius dubius)\" data-envira-retina=\"\" data-thumbnail=\"\"  itemprop=\"contentUrl\"><img id=\"envira-gallery-image-1087\" class=\"envira-gallery-image envira-gallery-image-16 envira-normal envira-lazy\" data-envira-index=\"16\" src=\"https:\/\/www.wolframs-naturfotos.de\/wordpress\/wp-content\/uploads\/2017\/08\/EOS-1D-Mark-IV_2017_09_04_34795-1024x682-640x480.jpg\" data-envira-src=\"https:\/\/www.wolframs-naturfotos.de\/wordpress\/wp-content\/uploads\/2017\/08\/EOS-1D-Mark-IV_2017_09_04_34795-1024x682-640x480.jpg\" data-envira-gallery-id=\"1063\" data-envira-item-id=\"1087\" data-envira-caption=\"Flussregenpfeifer (Charadrius dubius)\" alt=\"\" title=\"Flussregenpfeifer (Charadrius dubius)\"  itemprop=\"thumbnailUrl\" data-envira-srcset=\"https:\/\/www.wolframs-naturfotos.de\/wordpress\/wp-content\/uploads\/2017\/08\/EOS-1D-Mark-IV_2017_09_04_34795-1024x682-640x480.jpg 400w,https:\/\/www.wolframs-naturfotos.de\/wordpress\/wp-content\/uploads\/2017\/08\/EOS-1D-Mark-IV_2017_09_04_34795-1024x682-640x480.jpg 2x\" data-envira-width=\"300\" data-envira-height=\"200\" srcset=\"data:image\/gif;base64,R0lGODlhAQABAIAAAP\/\/\/\/\/\/\/yH5BAEKAAEALAAAAAABAAEAAAICTAEAOw==\" data-safe-src=\"data:image\/gif;base64,R0lGODlhAQABAIAAAP\/\/\/\/\/\/\/yH5BAEKAAEALAAAAAABAAEAAAICTAEAOw==\" \/><\/a><\/div><\/div><div id=\"envira-gallery-item-1088\" class=\"envira-gallery-item enviratope-item envira-gallery-item-17\" style=\"padding-left: 5px; padding-bottom: 10px; padding-right: 5px;\"  itemscope itemtype=\"https:\/\/schema.org\/ImageObject\"><div class=\"envira-gallery-item-inner\"><div class=\"envira-gallery-position-overlay  envira-gallery-top-left\"><\/div><div class=\"envira-gallery-position-overlay  envira-gallery-top-right\"><\/div><div class=\"envira-gallery-position-overlay  envira-gallery-bottom-left\"><\/div><div class=\"envira-gallery-position-overlay  envira-gallery-bottom-right\"><\/div><a href=\"http:\/\/www.wolframs-naturfotos.de\/wordpress\/wp-content\/uploads\/2017\/08\/EOS-1D-Mark-IV_2017_09_04_35098.jpg\" class=\"envira-gallery-1063 envira-gallery-link\" rel=\"enviragallery1063\" title=\"Sandregenpfeifer (Charadrius hiaticula)\" data-envira-caption=\"Sandregenpfeifer (Charadrius hiaticula)\" data-envira-retina=\"\" data-thumbnail=\"\"  itemprop=\"contentUrl\"><img id=\"envira-gallery-image-1088\" class=\"envira-gallery-image envira-gallery-image-17 envira-normal envira-lazy\" data-envira-index=\"17\" src=\"https:\/\/www.wolframs-naturfotos.de\/wordpress\/wp-content\/uploads\/2017\/08\/EOS-1D-Mark-IV_2017_09_04_35098-768x1024-640x480.jpg\" data-envira-src=\"https:\/\/www.wolframs-naturfotos.de\/wordpress\/wp-content\/uploads\/2017\/08\/EOS-1D-Mark-IV_2017_09_04_35098-768x1024-640x480.jpg\" data-envira-gallery-id=\"1063\" data-envira-item-id=\"1088\" data-envira-caption=\"Sandregenpfeifer (Charadrius hiaticula)\" alt=\"\" title=\"Sandregenpfeifer (Charadrius hiaticula)\"  itemprop=\"thumbnailUrl\" data-envira-srcset=\"https:\/\/www.wolframs-naturfotos.de\/wordpress\/wp-content\/uploads\/2017\/08\/EOS-1D-Mark-IV_2017_09_04_35098-768x1024-640x480.jpg 400w,https:\/\/www.wolframs-naturfotos.de\/wordpress\/wp-content\/uploads\/2017\/08\/EOS-1D-Mark-IV_2017_09_04_35098-768x1024-640x480.jpg 2x\" data-envira-width=\"225\" data-envira-height=\"300\" srcset=\"data:image\/gif;base64,R0lGODlhAQABAIAAAP\/\/\/\/\/\/\/yH5BAEKAAEALAAAAAABAAEAAAICTAEAOw==\" data-safe-src=\"data:image\/gif;base64,R0lGODlhAQABAIAAAP\/\/\/\/\/\/\/yH5BAEKAAEALAAAAAABAAEAAAICTAEAOw==\" \/><\/a><\/div><\/div><\/div><\/div><noscript><img src=\"https:\/\/www.wolframs-naturfotos.de\/wordpress\/wp-content\/uploads\/2017\/08\/EOS-7D-Mark-II_2017_07_31_27618.jpg\" alt=\"\" \/><img src=\"https:\/\/www.wolframs-naturfotos.de\/wordpress\/wp-content\/uploads\/2017\/08\/EOS-1D-Mark-IV_2017_07_31_28724.jpg\" alt=\"\" \/><img src=\"https:\/\/www.wolframs-naturfotos.de\/wordpress\/wp-content\/uploads\/2017\/08\/EOS-1D-Mark-IV_2017_07_31_28780.jpg\" alt=\"\" \/><img src=\"https:\/\/www.wolframs-naturfotos.de\/wordpress\/wp-content\/uploads\/2017\/08\/EOS-1D-Mark-IV_2017_08_14_31360.jpg\" alt=\"\" \/><img src=\"https:\/\/www.wolframs-naturfotos.de\/wordpress\/wp-content\/uploads\/2017\/08\/EOS-7D-Mark-II_2017_07_23_27059.jpg\" alt=\"\" \/><img src=\"https:\/\/www.wolframs-naturfotos.de\/wordpress\/wp-content\/uploads\/2017\/08\/EOS-1D-Mark-IV_2017_07_31_28838.jpg\" alt=\"\" \/><img src=\"https:\/\/www.wolframs-naturfotos.de\/wordpress\/wp-content\/uploads\/2017\/08\/EOS-1D-Mark-IV_2017_08_12_31205.jpg\" alt=\"\" \/><img src=\"https:\/\/www.wolframs-naturfotos.de\/wordpress\/wp-content\/uploads\/2017\/08\/EOS-1D-Mark-IV_2017_07_31_28649.jpg\" alt=\"\" \/><img src=\"https:\/\/www.wolframs-naturfotos.de\/wordpress\/wp-content\/uploads\/2017\/08\/EOS-1D-Mark-IV_2017_08_14_30857.jpg\" alt=\"\" \/><img src=\"https:\/\/www.wolframs-naturfotos.de\/wordpress\/wp-content\/uploads\/2017\/08\/EOS-1D-Mark-IV_2017_08_12_31181.jpg\" alt=\"\" \/><img src=\"https:\/\/www.wolframs-naturfotos.de\/wordpress\/wp-content\/uploads\/2017\/08\/EOS-1D-Mark-IV_2017_08_23_32309.jpg\" alt=\"\" \/><img src=\"https:\/\/www.wolframs-naturfotos.de\/wordpress\/wp-content\/uploads\/2017\/08\/EOS-1D-Mark-IV_2017_08_22_31982.jpg\" alt=\"\" \/><img src=\"https:\/\/www.wolframs-naturfotos.de\/wordpress\/wp-content\/uploads\/2017\/08\/EOS-1D-Mark-IV_2017_08_22_31780.jpg\" alt=\"\" \/><img src=\"https:\/\/www.wolframs-naturfotos.de\/wordpress\/wp-content\/uploads\/2017\/08\/EOS-1D-Mark-IV_2017_09_04_34997.jpg\" alt=\"\" \/><img src=\"https:\/\/www.wolframs-naturfotos.de\/wordpress\/wp-content\/uploads\/2017\/08\/EOS-1D-Mark-IV_2017_09_03_35049.jpg\" alt=\"\" \/><img src=\"https:\/\/www.wolframs-naturfotos.de\/wordpress\/wp-content\/uploads\/2017\/08\/EOS-1D-Mark-IV_2017_09_04_34795.jpg\" alt=\"\" \/><img src=\"https:\/\/www.wolframs-naturfotos.de\/wordpress\/wp-content\/uploads\/2017\/08\/EOS-1D-Mark-IV_2017_09_04_35098.jpg\" alt=\"\" \/><\/noscript>\n","protected":false},"excerpt":{"rendered":"<p>An unserem neuen Versteck (vielen Dank an Burkhard) konnten wir schon einige Limikolenarten beobachten und fotografieren. Highlight sind sicher die gro\u00dfen Brachv\u00f6gel, aber auch \u00fcber die Sichtung von Steinw\u00e4lzern und Sichelstrandl\u00e4ufern freuten wir uns. Hier eine kleine Zusammenstellung der fotografierten Arten, es fehlt der Zwergstrandl\u00e4ufer (nur von Burkhard fotografiert)<\/p>\n","protected":false},"author":2,"featured_media":0,"comment_status":"open","ping_status":"open","sticky":false,"template":"","format":"standard","meta":[],"categories":[3],"tags":[],"_links":{"self":[{"href":"https:\/\/www.wolframs-naturfotos.de\/wordpress\/wp-json\/wp\/v2\/posts\/1077"}],"collection":[{"href":"https:\/\/www.wolframs-naturfotos.de\/wordpress\/wp-json\/wp\/v2\/posts"}],"about":[{"href":"https:\/\/www.wolframs-naturfotos.de\/wordpress\/wp-json\/wp\/v2\/types\/post"}],"author":[{"embeddable":true,"href":"https:\/\/www.wolframs-naturfotos.de\/wordpress\/wp-json\/wp\/v2\/users\/2"}],"replies":[{"embeddable":true,"href":"https:\/\/www.wolframs-naturfotos.de\/wordpress\/wp-json\/wp\/v2\/comments?post=1077"}],"version-history":[{"count":4,"href":"https:\/\/www.wolframs-naturfotos.de\/wordpress\/wp-json\/wp\/v2\/posts\/1077\/revisions"}],"predecessor-version":[{"id":1089,"href":"https:\/\/www.wolframs-naturfotos.de\/wordpress\/wp-json\/wp\/v2\/posts\/1077\/revisions\/1089"}],"wp:attachment":[{"href":"https:\/\/www.wolframs-naturfotos.de\/wordpress\/wp-json\/wp\/v2\/media?parent=1077"}],"wp:term":[{"taxonomy":"category","embeddable":true,"href":"https:\/\/www.wolframs-naturfotos.de\/wordpress\/wp-json\/wp\/v2\/categories?post=1077"},{"taxonomy":"post_tag","embeddable":true,"href":"https:\/\/www.wolframs-naturfotos.de\/wordpress\/wp-json\/wp\/v2\/tags?post=1077"}],"curies":[{"name":"wp","href":"https:\/\/api.w.org\/{rel}","templated":true}]}}