{"id":1717,"date":"2025-02-09T19:56:54","date_gmt":"2025-02-09T18:56:54","guid":{"rendered":"https:\/\/www.wolframs-naturfotos.de\/wordpress\/?p=1717"},"modified":"2025-02-09T19:57:34","modified_gmt":"2025-02-09T18:57:34","slug":"die-ranzzeit-der-fuechse","status":"publish","type":"post","link":"https:\/\/www.wolframs-naturfotos.de\/wordpress\/2025\/02\/09\/die-ranzzeit-der-fuechse\/","title":{"rendered":"Die Ranzzeit der F\u00fcchse"},"content":{"rendered":"\n<p class=\"wp-block-paragraph\">In der Ranzzeit im Januar und Februar paaren sich die F\u00fcchse, in dieser Zeit sind sie besonders aktiv. R\u00fcden legen lange Wege zur\u00fcck, um paarungsbereite F\u00e4hen zu finden und nat\u00fcrlich auch andere R\u00fcden zu verjagen. Ich hatte Gl\u00fcck und konnte mehrmals F\u00fcchse w\u00e4hrend dieser Auseinandersetzungen beobachten.<\/p>\n\n\n\n<figure class=\"wp-block-gallery has-nested-images columns-default is-cropped wp-block-gallery-1 is-layout-flex wp-block-gallery-is-layout-flex\">\n<figure class=\"wp-block-image size-large\"><a href=\"https:\/\/www.wolframs-naturfotos.de\/wordpress\/wp-content\/uploads\/2025\/02\/IMGL1162-1.jpg\"><img loading=\"lazy\" decoding=\"async\" width=\"1024\" height=\"683\" data-id=\"1725\" src=\"https:\/\/www.wolframs-naturfotos.de\/wordpress\/wp-content\/uploads\/2025\/02\/IMGL1162-1-1024x683.jpg\" alt=\"\" class=\"wp-image-1725\" srcset=\"https:\/\/www.wolframs-naturfotos.de\/wordpress\/wp-content\/uploads\/2025\/02\/IMGL1162-1-1024x683.jpg 1024w, https:\/\/www.wolframs-naturfotos.de\/wordpress\/wp-content\/uploads\/2025\/02\/IMGL1162-1-300x200.jpg 300w, https:\/\/www.wolframs-naturfotos.de\/wordpress\/wp-content\/uploads\/2025\/02\/IMGL1162-1-768x512.jpg 768w, https:\/\/www.wolframs-naturfotos.de\/wordpress\/wp-content\/uploads\/2025\/02\/IMGL1162-1.jpg 1500w\" sizes=\"auto, (max-width: 1024px) 100vw, 1024px\" \/><\/a><\/figure>\n\n\n\n<figure class=\"wp-block-image size-large\"><a href=\"https:\/\/www.wolframs-naturfotos.de\/wordpress\/wp-content\/uploads\/2025\/02\/IMGL1173-1.jpg\"><img loading=\"lazy\" decoding=\"async\" width=\"1024\" height=\"683\" data-id=\"1726\" src=\"https:\/\/www.wolframs-naturfotos.de\/wordpress\/wp-content\/uploads\/2025\/02\/IMGL1173-1-1024x683.jpg\" alt=\"\" class=\"wp-image-1726\" srcset=\"https:\/\/www.wolframs-naturfotos.de\/wordpress\/wp-content\/uploads\/2025\/02\/IMGL1173-1-1024x683.jpg 1024w, https:\/\/www.wolframs-naturfotos.de\/wordpress\/wp-content\/uploads\/2025\/02\/IMGL1173-1-300x200.jpg 300w, https:\/\/www.wolframs-naturfotos.de\/wordpress\/wp-content\/uploads\/2025\/02\/IMGL1173-1-768x512.jpg 768w, https:\/\/www.wolframs-naturfotos.de\/wordpress\/wp-content\/uploads\/2025\/02\/IMGL1173-1.jpg 1500w\" sizes=\"auto, (max-width: 1024px) 100vw, 1024px\" \/><\/a><\/figure>\n\n\n\n<figure class=\"wp-block-image size-large\"><a href=\"https:\/\/www.wolframs-naturfotos.de\/wordpress\/wp-content\/uploads\/2025\/02\/IMGL1181-1.jpg\"><img loading=\"lazy\" decoding=\"async\" width=\"1024\" height=\"683\" data-id=\"1730\" src=\"https:\/\/www.wolframs-naturfotos.de\/wordpress\/wp-content\/uploads\/2025\/02\/IMGL1181-1-1024x683.jpg\" alt=\"\" class=\"wp-image-1730\" srcset=\"https:\/\/www.wolframs-naturfotos.de\/wordpress\/wp-content\/uploads\/2025\/02\/IMGL1181-1-1024x683.jpg 1024w, https:\/\/www.wolframs-naturfotos.de\/wordpress\/wp-content\/uploads\/2025\/02\/IMGL1181-1-300x200.jpg 300w, https:\/\/www.wolframs-naturfotos.de\/wordpress\/wp-content\/uploads\/2025\/02\/IMGL1181-1-768x512.jpg 768w, https:\/\/www.wolframs-naturfotos.de\/wordpress\/wp-content\/uploads\/2025\/02\/IMGL1181-1.jpg 1500w\" sizes=\"auto, (max-width: 1024px) 100vw, 1024px\" \/><\/a><\/figure>\n\n\n\n<figure class=\"wp-block-image size-large\"><a href=\"https:\/\/www.wolframs-naturfotos.de\/wordpress\/wp-content\/uploads\/2025\/02\/IMGL1229-1.jpg\"><img loading=\"lazy\" decoding=\"async\" width=\"1024\" height=\"683\" data-id=\"1727\" src=\"https:\/\/www.wolframs-naturfotos.de\/wordpress\/wp-content\/uploads\/2025\/02\/IMGL1229-1-1024x683.jpg\" alt=\"\" class=\"wp-image-1727\" srcset=\"https:\/\/www.wolframs-naturfotos.de\/wordpress\/wp-content\/uploads\/2025\/02\/IMGL1229-1-1024x683.jpg 1024w, https:\/\/www.wolframs-naturfotos.de\/wordpress\/wp-content\/uploads\/2025\/02\/IMGL1229-1-300x200.jpg 300w, https:\/\/www.wolframs-naturfotos.de\/wordpress\/wp-content\/uploads\/2025\/02\/IMGL1229-1-768x512.jpg 768w, https:\/\/www.wolframs-naturfotos.de\/wordpress\/wp-content\/uploads\/2025\/02\/IMGL1229-1.jpg 1500w\" sizes=\"auto, (max-width: 1024px) 100vw, 1024px\" \/><\/a><\/figure>\n\n\n\n<figure class=\"wp-block-image size-large\"><a href=\"https:\/\/www.wolframs-naturfotos.de\/wordpress\/wp-content\/uploads\/2025\/02\/IMGL8991.jpg\"><img loading=\"lazy\" decoding=\"async\" width=\"1024\" height=\"683\" data-id=\"1728\" src=\"https:\/\/www.wolframs-naturfotos.de\/wordpress\/wp-content\/uploads\/2025\/02\/IMGL8991-1024x683.jpg\" alt=\"\" class=\"wp-image-1728\" srcset=\"https:\/\/www.wolframs-naturfotos.de\/wordpress\/wp-content\/uploads\/2025\/02\/IMGL8991-1024x683.jpg 1024w, https:\/\/www.wolframs-naturfotos.de\/wordpress\/wp-content\/uploads\/2025\/02\/IMGL8991-300x200.jpg 300w, https:\/\/www.wolframs-naturfotos.de\/wordpress\/wp-content\/uploads\/2025\/02\/IMGL8991-768x512.jpg 768w, https:\/\/www.wolframs-naturfotos.de\/wordpress\/wp-content\/uploads\/2025\/02\/IMGL8991.jpg 1500w\" sizes=\"auto, (max-width: 1024px) 100vw, 1024px\" \/><\/a><\/figure>\n\n\n\n<figure class=\"wp-block-image size-large\"><a href=\"https:\/\/www.wolframs-naturfotos.de\/wordpress\/wp-content\/uploads\/2025\/02\/IMGL1483.jpg\"><img loading=\"lazy\" decoding=\"async\" width=\"1024\" height=\"683\" data-id=\"1729\" src=\"https:\/\/www.wolframs-naturfotos.de\/wordpress\/wp-content\/uploads\/2025\/02\/IMGL1483-1024x683.jpg\" alt=\"\" class=\"wp-image-1729\" srcset=\"https:\/\/www.wolframs-naturfotos.de\/wordpress\/wp-content\/uploads\/2025\/02\/IMGL1483-1024x683.jpg 1024w, https:\/\/www.wolframs-naturfotos.de\/wordpress\/wp-content\/uploads\/2025\/02\/IMGL1483-300x200.jpg 300w, https:\/\/www.wolframs-naturfotos.de\/wordpress\/wp-content\/uploads\/2025\/02\/IMGL1483-768x512.jpg 768w, https:\/\/www.wolframs-naturfotos.de\/wordpress\/wp-content\/uploads\/2025\/02\/IMGL1483.jpg 1500w\" sizes=\"auto, (max-width: 1024px) 100vw, 1024px\" \/><\/a><\/figure>\n\n\n\n<figure class=\"wp-block-image size-large\"><a href=\"https:\/\/www.wolframs-naturfotos.de\/wordpress\/wp-content\/uploads\/2025\/02\/IMGL1331-1.jpg\"><img loading=\"lazy\" decoding=\"async\" width=\"1024\" height=\"683\" data-id=\"1724\" src=\"https:\/\/www.wolframs-naturfotos.de\/wordpress\/wp-content\/uploads\/2025\/02\/IMGL1331-1-1024x683.jpg\" alt=\"\" class=\"wp-image-1724\" srcset=\"https:\/\/www.wolframs-naturfotos.de\/wordpress\/wp-content\/uploads\/2025\/02\/IMGL1331-1-1024x683.jpg 1024w, https:\/\/www.wolframs-naturfotos.de\/wordpress\/wp-content\/uploads\/2025\/02\/IMGL1331-1-300x200.jpg 300w, https:\/\/www.wolframs-naturfotos.de\/wordpress\/wp-content\/uploads\/2025\/02\/IMGL1331-1-768x512.jpg 768w, https:\/\/www.wolframs-naturfotos.de\/wordpress\/wp-content\/uploads\/2025\/02\/IMGL1331-1.jpg 1500w\" sizes=\"auto, (max-width: 1024px) 100vw, 1024px\" \/><\/a><\/figure>\n<\/figure>\n","protected":false},"excerpt":{"rendered":"<p>In der Ranzzeit im Januar und Februar paaren sich die F\u00fcchse, in dieser Zeit sind sie besonders aktiv. R\u00fcden legen lange Wege zur\u00fcck, um paarungsbereite F\u00e4hen zu finden und nat\u00fcrlich auch andere R\u00fcden zu verjagen. Ich hatte Gl\u00fcck und konnte mehrmals F\u00fcchse w\u00e4hrend dieser Auseinandersetzungen beobachten.<\/p>\n","protected":false},"author":2,"featured_media":0,"comment_status":"open","ping_status":"open","sticky":false,"template":"","format":"standard","meta":{"footnotes":""},"categories":[1],"tags":[],"class_list":["post-1717","post","type-post","status-publish","format-standard","hentry","category-allgemein"],"_links":{"self":[{"href":"https:\/\/www.wolframs-naturfotos.de\/wordpress\/wp-json\/wp\/v2\/posts\/1717","targetHints":{"allow":["GET"]}}],"collection":[{"href":"https:\/\/www.wolframs-naturfotos.de\/wordpress\/wp-json\/wp\/v2\/posts"}],"about":[{"href":"https:\/\/www.wolframs-naturfotos.de\/wordpress\/wp-json\/wp\/v2\/types\/post"}],"author":[{"embeddable":true,"href":"https:\/\/www.wolframs-naturfotos.de\/wordpress\/wp-json\/wp\/v2\/users\/2"}],"replies":[{"embeddable":true,"href":"https:\/\/www.wolframs-naturfotos.de\/wordpress\/wp-json\/wp\/v2\/comments?post=1717"}],"version-history":[{"count":3,"href":"https:\/\/www.wolframs-naturfotos.de\/wordpress\/wp-json\/wp\/v2\/posts\/1717\/revisions"}],"predecessor-version":[{"id":1733,"href":"https:\/\/www.wolframs-naturfotos.de\/wordpress\/wp-json\/wp\/v2\/posts\/1717\/revisions\/1733"}],"wp:attachment":[{"href":"https:\/\/www.wolframs-naturfotos.de\/wordpress\/wp-json\/wp\/v2\/media?parent=1717"}],"wp:term":[{"taxonomy":"category","embeddable":true,"href":"https:\/\/www.wolframs-naturfotos.de\/wordpress\/wp-json\/wp\/v2\/categories?post=1717"},{"taxonomy":"post_tag","embeddable":true,"href":"https:\/\/www.wolframs-naturfotos.de\/wordpress\/wp-json\/wp\/v2\/tags?post=1717"}],"curies":[{"name":"wp","href":"https:\/\/api.w.org\/{rel}","templated":true}]}}