{"id":1756,"date":"2025-05-05T20:01:25","date_gmt":"2025-05-05T18:01:25","guid":{"rendered":"https:\/\/www.wolframs-naturfotos.de\/wordpress\/?p=1756"},"modified":"2025-05-05T20:01:25","modified_gmt":"2025-05-05T18:01:25","slug":"lausitzer-teichlandschaft-2025","status":"publish","type":"post","link":"https:\/\/www.wolframs-naturfotos.de\/wordpress\/2025\/05\/05\/lausitzer-teichlandschaft-2025\/","title":{"rendered":"Lausitzer Teichlandschaft 2025"},"content":{"rendered":"\n<p>Kraniche und Wiedeh\u00f6pfe rufen von den Wiesen, Laubfr\u00f6sche und Rotbauchunken aus den Teichen und aus den B\u00e4umen h\u00f6rt man unentwegt Pirole und Kuckucke &#8211; das ist die Lausitz. An vielen Teichgebieten trifft man kaum Menschen, daf\u00fcr einen unglaublichen Artenreichtum.<\/p>\n\n\n\n<p><code><div id=\"envira-gallery-wrap-1737\" class=\"envira-gallery-wrap envira-gallery-theme-base envira-lightbox-theme-base\" itemscope itemtype=\"https:\/\/schema.org\/ImageGallery\"><div data-row-height=\"150\" data-gallery-theme=\"normal\" id=\"envira-gallery-1737\" class=\"envira-gallery-public envira-gallery-justified-public envira-gallery-0-columns envira-clear enviratope envira-gallery-css-animations\" data-envira-columns=\"0\"><div id=\"envira-gallery-item-1748\" class=\"envira-gallery-item enviratope-item envira-gallery-item-1\" style=\"padding-left: 5px; padding-bottom: 10px; padding-right: 5px;\"  itemscope itemtype=\"https:\/\/schema.org\/ImageObject\"><div class=\"envira-gallery-item-inner\"><div class=\"envira-gallery-position-overlay  envira-gallery-top-left\"><\/div><div class=\"envira-gallery-position-overlay  envira-gallery-top-right\"><\/div><div class=\"envira-gallery-position-overlay  envira-gallery-bottom-left\"><\/div><div class=\"envira-gallery-position-overlay  envira-gallery-bottom-right\"><\/div><a href=\"https:\/\/www.wolframs-naturfotos.de\/wordpress\/wp-content\/uploads\/2025\/05\/IMGL0087.jpg\" class=\"envira-gallery-1737 envira-gallery-link\" rel=\"enviragallery1737\" title=\"IMGL0087\" data-envira-caption=\"IMGL0087\" data-envira-retina=\"\" data-thumbnail=\"\"  itemprop=\"contentUrl\"><img id=\"envira-gallery-image-1748\" class=\"envira-gallery-image envira-gallery-image-1 envira-normal \" data-envira-index=\"1\" src=\"https:\/\/www.wolframs-naturfotos.de\/wordpress\/wp-content\/uploads\/2025\/05\/IMGL0087-1024x683-640x480.jpg\" data-envira-src=\"https:\/\/www.wolframs-naturfotos.de\/wordpress\/wp-content\/uploads\/2025\/05\/IMGL0087-1024x683-640x480.jpg\" data-envira-gallery-id=\"1737\" data-envira-item-id=\"1748\" data-envira-caption=\"IMGL0087\" alt=\"\" title=\"IMGL0087\"  itemprop=\"thumbnailUrl\" data-envira-srcset=\"https:\/\/www.wolframs-naturfotos.de\/wordpress\/wp-content\/uploads\/2025\/05\/IMGL0087-1024x683-640x480.jpg 400w,https:\/\/www.wolframs-naturfotos.de\/wordpress\/wp-content\/uploads\/2025\/05\/IMGL0087-1024x683-640x480.jpg 2x\" data-envira-width=\"300\" data-envira-height=\"200\" srcset=\"https:\/\/www.wolframs-naturfotos.de\/wordpress\/wp-content\/uploads\/2025\/05\/IMGL0087-1280x960.jpg 2x\" data-safe-src=\"https:\/\/www.wolframs-naturfotos.de\/wordpress\/wp-content\/uploads\/2025\/05\/IMGL0087-1024x683-640x480.jpg\" \/><\/a><\/div><\/div><div id=\"envira-gallery-item-1759\" class=\"envira-gallery-item enviratope-item envira-gallery-item-2\" style=\"padding-left: 5px; padding-bottom: 10px; padding-right: 5px;\"  itemscope itemtype=\"https:\/\/schema.org\/ImageObject\"><div class=\"envira-gallery-item-inner\"><div class=\"envira-gallery-position-overlay  envira-gallery-top-left\"><\/div><div class=\"envira-gallery-position-overlay  envira-gallery-top-right\"><\/div><div class=\"envira-gallery-position-overlay  envira-gallery-bottom-left\"><\/div><div class=\"envira-gallery-position-overlay  envira-gallery-bottom-right\"><\/div><a href=\"https:\/\/www.wolframs-naturfotos.de\/wordpress\/wp-content\/uploads\/2025\/05\/IMGL1252-1.jpg\" class=\"envira-gallery-1737 envira-gallery-link\" rel=\"enviragallery1737\" title=\"Kranich (Grus grus)\" data-envira-caption=\"Kranich (Grus grus)\" data-envira-retina=\"\" data-thumbnail=\"\"  itemprop=\"contentUrl\"><img id=\"envira-gallery-image-1759\" class=\"envira-gallery-image envira-gallery-image-2 envira-normal \" data-envira-index=\"2\" src=\"https:\/\/www.wolframs-naturfotos.de\/wordpress\/wp-content\/uploads\/2025\/05\/IMGL1252-1-683x1024-640x480.jpg\" data-envira-src=\"https:\/\/www.wolframs-naturfotos.de\/wordpress\/wp-content\/uploads\/2025\/05\/IMGL1252-1-683x1024-640x480.jpg\" data-envira-gallery-id=\"1737\" data-envira-item-id=\"1759\" data-envira-caption=\"Kranich (Grus grus)\" alt=\"\" title=\"Kranich (Grus grus)\"  itemprop=\"thumbnailUrl\" data-envira-srcset=\"https:\/\/www.wolframs-naturfotos.de\/wordpress\/wp-content\/uploads\/2025\/05\/IMGL1252-1-683x1024-640x480.jpg 400w,https:\/\/www.wolframs-naturfotos.de\/wordpress\/wp-content\/uploads\/2025\/05\/IMGL1252-1-683x1024-640x480.jpg 2x\" data-envira-width=\"200\" data-envira-height=\"300\" srcset=\"https:\/\/www.wolframs-naturfotos.de\/wordpress\/wp-content\/uploads\/2025\/05\/IMGL1252-1-1280x960.jpg 2x\" data-safe-src=\"https:\/\/www.wolframs-naturfotos.de\/wordpress\/wp-content\/uploads\/2025\/05\/IMGL1252-1-683x1024-640x480.jpg\" \/><\/a><\/div><\/div><div id=\"envira-gallery-item-1739\" class=\"envira-gallery-item enviratope-item envira-gallery-item-3\" style=\"padding-left: 5px; padding-bottom: 10px; padding-right: 5px;\"  itemscope itemtype=\"https:\/\/schema.org\/ImageObject\"><div class=\"envira-gallery-item-inner\"><div class=\"envira-gallery-position-overlay  envira-gallery-top-left\"><\/div><div class=\"envira-gallery-position-overlay  envira-gallery-top-right\"><\/div><div class=\"envira-gallery-position-overlay  envira-gallery-bottom-left\"><\/div><div class=\"envira-gallery-position-overlay  envira-gallery-bottom-right\"><\/div><a href=\"https:\/\/www.wolframs-naturfotos.de\/wordpress\/wp-content\/uploads\/2025\/05\/IMG_9549.jpg\" class=\"envira-gallery-1737 envira-gallery-link\" rel=\"enviragallery1737\" title=\"Graugans (Anser anser)\" data-envira-caption=\"Graugans (Anser anser)\" data-envira-retina=\"\" data-thumbnail=\"\"  itemprop=\"contentUrl\"><img id=\"envira-gallery-image-1739\" class=\"envira-gallery-image envira-gallery-image-3 envira-normal \" data-envira-index=\"3\" src=\"https:\/\/www.wolframs-naturfotos.de\/wordpress\/wp-content\/uploads\/2025\/05\/IMG_9549-1024x683-640x480.jpg\" data-envira-src=\"https:\/\/www.wolframs-naturfotos.de\/wordpress\/wp-content\/uploads\/2025\/05\/IMG_9549-1024x683-640x480.jpg\" data-envira-gallery-id=\"1737\" data-envira-item-id=\"1739\" data-envira-caption=\"Graugans (Anser anser)\" alt=\"\" title=\"Graugans (Anser anser)\"  itemprop=\"thumbnailUrl\" data-envira-srcset=\"https:\/\/www.wolframs-naturfotos.de\/wordpress\/wp-content\/uploads\/2025\/05\/IMG_9549-1024x683-640x480.jpg 400w,https:\/\/www.wolframs-naturfotos.de\/wordpress\/wp-content\/uploads\/2025\/05\/IMG_9549-1024x683-640x480.jpg 2x\" data-envira-width=\"300\" data-envira-height=\"200\" srcset=\"https:\/\/www.wolframs-naturfotos.de\/wordpress\/wp-content\/uploads\/2025\/05\/IMG_9549-1280x960.jpg 2x\" data-safe-src=\"https:\/\/www.wolframs-naturfotos.de\/wordpress\/wp-content\/uploads\/2025\/05\/IMG_9549-1024x683-640x480.jpg\" \/><\/a><\/div><\/div><div id=\"envira-gallery-item-1738\" class=\"envira-gallery-item enviratope-item envira-gallery-item-4\" style=\"padding-left: 5px; padding-bottom: 10px; padding-right: 5px;\"  itemscope itemtype=\"https:\/\/schema.org\/ImageObject\"><div class=\"envira-gallery-item-inner\"><div class=\"envira-gallery-position-overlay  envira-gallery-top-left\"><\/div><div class=\"envira-gallery-position-overlay  envira-gallery-top-right\"><\/div><div class=\"envira-gallery-position-overlay  envira-gallery-bottom-left\"><\/div><div class=\"envira-gallery-position-overlay  envira-gallery-bottom-right\"><\/div><a href=\"https:\/\/www.wolframs-naturfotos.de\/wordpress\/wp-content\/uploads\/2025\/05\/IMG_9568.jpg\" class=\"envira-gallery-1737 envira-gallery-link\" rel=\"enviragallery1737\" title=\"Europ\u00e4ischer Laubfrosch (Hyla arborea)\" data-envira-caption=\"Europ\u00e4ischer Laubfrosch (Hyla arborea)\" data-envira-retina=\"\" data-thumbnail=\"\"  itemprop=\"contentUrl\"><img id=\"envira-gallery-image-1738\" class=\"envira-gallery-image envira-gallery-image-4 envira-normal \" data-envira-index=\"4\" src=\"https:\/\/www.wolframs-naturfotos.de\/wordpress\/wp-content\/uploads\/2025\/05\/IMG_9568-1024x683-640x480.jpg\" data-envira-src=\"https:\/\/www.wolframs-naturfotos.de\/wordpress\/wp-content\/uploads\/2025\/05\/IMG_9568-1024x683-640x480.jpg\" data-envira-gallery-id=\"1737\" data-envira-item-id=\"1738\" data-envira-caption=\"Europ\u00e4ischer Laubfrosch (Hyla arborea)\" alt=\"\" title=\"Europ\u00e4ischer Laubfrosch (Hyla arborea)\"  itemprop=\"thumbnailUrl\" data-envira-srcset=\"https:\/\/www.wolframs-naturfotos.de\/wordpress\/wp-content\/uploads\/2025\/05\/IMG_9568-1024x683-640x480.jpg 400w,https:\/\/www.wolframs-naturfotos.de\/wordpress\/wp-content\/uploads\/2025\/05\/IMG_9568-1024x683-640x480.jpg 2x\" data-envira-width=\"300\" data-envira-height=\"200\" srcset=\"https:\/\/www.wolframs-naturfotos.de\/wordpress\/wp-content\/uploads\/2025\/05\/IMG_9568-1280x960.jpg 2x\" data-safe-src=\"https:\/\/www.wolframs-naturfotos.de\/wordpress\/wp-content\/uploads\/2025\/05\/IMG_9568-1024x683-640x480.jpg\" \/><\/a><\/div><\/div><div id=\"envira-gallery-item-1740\" class=\"envira-gallery-item enviratope-item envira-gallery-item-5\" style=\"padding-left: 5px; padding-bottom: 10px; padding-right: 5px;\"  itemscope itemtype=\"https:\/\/schema.org\/ImageObject\"><div class=\"envira-gallery-item-inner\"><div class=\"envira-gallery-position-overlay  envira-gallery-top-left\"><\/div><div class=\"envira-gallery-position-overlay  envira-gallery-top-right\"><\/div><div class=\"envira-gallery-position-overlay  envira-gallery-bottom-left\"><\/div><div class=\"envira-gallery-position-overlay  envira-gallery-bottom-right\"><\/div><a href=\"https:\/\/www.wolframs-naturfotos.de\/wordpress\/wp-content\/uploads\/2025\/05\/IMGL1159.jpg\" class=\"envira-gallery-1737 envira-gallery-link\" rel=\"enviragallery1737\" title=\"Kranich (Grus grus)\" data-envira-caption=\"Kranich (Grus grus)\" data-envira-retina=\"\" data-thumbnail=\"\"  itemprop=\"contentUrl\"><img id=\"envira-gallery-image-1740\" class=\"envira-gallery-image envira-gallery-image-5 envira-normal \" data-envira-index=\"5\" src=\"https:\/\/www.wolframs-naturfotos.de\/wordpress\/wp-content\/uploads\/2025\/05\/IMGL1159-1024x683-640x480.jpg\" data-envira-src=\"https:\/\/www.wolframs-naturfotos.de\/wordpress\/wp-content\/uploads\/2025\/05\/IMGL1159-1024x683-640x480.jpg\" data-envira-gallery-id=\"1737\" data-envira-item-id=\"1740\" data-envira-caption=\"Kranich (Grus grus)\" alt=\"\" title=\"Kranich (Grus grus)\"  itemprop=\"thumbnailUrl\" data-envira-srcset=\"https:\/\/www.wolframs-naturfotos.de\/wordpress\/wp-content\/uploads\/2025\/05\/IMGL1159-1024x683-640x480.jpg 400w,https:\/\/www.wolframs-naturfotos.de\/wordpress\/wp-content\/uploads\/2025\/05\/IMGL1159-1024x683-640x480.jpg 2x\" data-envira-width=\"300\" data-envira-height=\"200\" srcset=\"https:\/\/www.wolframs-naturfotos.de\/wordpress\/wp-content\/uploads\/2025\/05\/IMGL1159-1280x960.jpg 2x\" data-safe-src=\"https:\/\/www.wolframs-naturfotos.de\/wordpress\/wp-content\/uploads\/2025\/05\/IMGL1159-1024x683-640x480.jpg\" \/><\/a><\/div><\/div><div id=\"envira-gallery-item-1742\" class=\"envira-gallery-item enviratope-item envira-gallery-item-6\" style=\"padding-left: 5px; padding-bottom: 10px; padding-right: 5px;\"  itemscope itemtype=\"https:\/\/schema.org\/ImageObject\"><div class=\"envira-gallery-item-inner\"><div class=\"envira-gallery-position-overlay  envira-gallery-top-left\"><\/div><div class=\"envira-gallery-position-overlay  envira-gallery-top-right\"><\/div><div class=\"envira-gallery-position-overlay  envira-gallery-bottom-left\"><\/div><div class=\"envira-gallery-position-overlay  envira-gallery-bottom-right\"><\/div><a href=\"https:\/\/www.wolframs-naturfotos.de\/wordpress\/wp-content\/uploads\/2025\/05\/IMGL9612.jpg\" class=\"envira-gallery-1737 envira-gallery-link\" rel=\"enviragallery1737\" title=\"Rotbauchunke (Bombina bombina)\" data-envira-caption=\"Rotbauchunke (Bombina bombina)\" data-envira-retina=\"\" data-thumbnail=\"\"  itemprop=\"contentUrl\"><img id=\"envira-gallery-image-1742\" class=\"envira-gallery-image envira-gallery-image-6 envira-normal \" data-envira-index=\"6\" src=\"https:\/\/www.wolframs-naturfotos.de\/wordpress\/wp-content\/uploads\/2025\/05\/IMGL9612-1024x683-640x480.jpg\" data-envira-src=\"https:\/\/www.wolframs-naturfotos.de\/wordpress\/wp-content\/uploads\/2025\/05\/IMGL9612-1024x683-640x480.jpg\" data-envira-gallery-id=\"1737\" data-envira-item-id=\"1742\" data-envira-caption=\"Rotbauchunke (Bombina bombina)\" alt=\"\" title=\"Rotbauchunke (Bombina bombina)\"  itemprop=\"thumbnailUrl\" data-envira-srcset=\"https:\/\/www.wolframs-naturfotos.de\/wordpress\/wp-content\/uploads\/2025\/05\/IMGL9612-1024x683-640x480.jpg 400w,https:\/\/www.wolframs-naturfotos.de\/wordpress\/wp-content\/uploads\/2025\/05\/IMGL9612-1024x683-640x480.jpg 2x\" data-envira-width=\"300\" data-envira-height=\"200\" srcset=\"https:\/\/www.wolframs-naturfotos.de\/wordpress\/wp-content\/uploads\/2025\/05\/IMGL9612-1280x960.jpg 2x\" data-safe-src=\"https:\/\/www.wolframs-naturfotos.de\/wordpress\/wp-content\/uploads\/2025\/05\/IMGL9612-1024x683-640x480.jpg\" \/><\/a><\/div><\/div><div id=\"envira-gallery-item-1743\" class=\"envira-gallery-item enviratope-item envira-gallery-item-7\" style=\"padding-left: 5px; padding-bottom: 10px; padding-right: 5px;\"  itemscope itemtype=\"https:\/\/schema.org\/ImageObject\"><div class=\"envira-gallery-item-inner\"><div class=\"envira-gallery-position-overlay  envira-gallery-top-left\"><\/div><div class=\"envira-gallery-position-overlay  envira-gallery-top-right\"><\/div><div class=\"envira-gallery-position-overlay  envira-gallery-bottom-left\"><\/div><div class=\"envira-gallery-position-overlay  envira-gallery-bottom-right\"><\/div><a href=\"https:\/\/www.wolframs-naturfotos.de\/wordpress\/wp-content\/uploads\/2025\/05\/IMGL1133.jpg\" class=\"envira-gallery-1737 envira-gallery-link\" rel=\"enviragallery1737\" title=\"Reh (Capreolus capreolus)\" data-envira-caption=\"Reh (Capreolus capreolus)\" data-envira-retina=\"\" data-thumbnail=\"\"  itemprop=\"contentUrl\"><img id=\"envira-gallery-image-1743\" class=\"envira-gallery-image envira-gallery-image-7 envira-normal \" data-envira-index=\"7\" src=\"https:\/\/www.wolframs-naturfotos.de\/wordpress\/wp-content\/uploads\/2025\/05\/IMGL1133-1024x683-640x480.jpg\" data-envira-src=\"https:\/\/www.wolframs-naturfotos.de\/wordpress\/wp-content\/uploads\/2025\/05\/IMGL1133-1024x683-640x480.jpg\" data-envira-gallery-id=\"1737\" data-envira-item-id=\"1743\" data-envira-caption=\"Reh (Capreolus capreolus)\" alt=\"\" title=\"Reh (Capreolus capreolus)\"  itemprop=\"thumbnailUrl\" data-envira-srcset=\"https:\/\/www.wolframs-naturfotos.de\/wordpress\/wp-content\/uploads\/2025\/05\/IMGL1133-1024x683-640x480.jpg 400w,https:\/\/www.wolframs-naturfotos.de\/wordpress\/wp-content\/uploads\/2025\/05\/IMGL1133-1024x683-640x480.jpg 2x\" data-envira-width=\"300\" data-envira-height=\"200\" srcset=\"https:\/\/www.wolframs-naturfotos.de\/wordpress\/wp-content\/uploads\/2025\/05\/IMGL1133-1280x960.jpg 2x\" data-safe-src=\"https:\/\/www.wolframs-naturfotos.de\/wordpress\/wp-content\/uploads\/2025\/05\/IMGL1133-1024x683-640x480.jpg\" \/><\/a><\/div><\/div><div id=\"envira-gallery-item-1744\" class=\"envira-gallery-item enviratope-item envira-gallery-item-8\" style=\"padding-left: 5px; padding-bottom: 10px; padding-right: 5px;\"  itemscope itemtype=\"https:\/\/schema.org\/ImageObject\"><div class=\"envira-gallery-item-inner\"><div class=\"envira-gallery-position-overlay  envira-gallery-top-left\"><\/div><div class=\"envira-gallery-position-overlay  envira-gallery-top-right\"><\/div><div class=\"envira-gallery-position-overlay  envira-gallery-bottom-left\"><\/div><div class=\"envira-gallery-position-overlay  envira-gallery-bottom-right\"><\/div><a href=\"https:\/\/www.wolframs-naturfotos.de\/wordpress\/wp-content\/uploads\/2025\/05\/IMGL1084.jpg\" class=\"envira-gallery-1737 envira-gallery-link\" rel=\"enviragallery1737\" title=\"Kranich (Grus grus)\" data-envira-caption=\"Kranich (Grus grus)\" data-envira-retina=\"\" data-thumbnail=\"\"  itemprop=\"contentUrl\"><img id=\"envira-gallery-image-1744\" class=\"envira-gallery-image envira-gallery-image-8 envira-normal \" data-envira-index=\"8\" src=\"https:\/\/www.wolframs-naturfotos.de\/wordpress\/wp-content\/uploads\/2025\/05\/IMGL1084-1024x683-640x480.jpg\" data-envira-src=\"https:\/\/www.wolframs-naturfotos.de\/wordpress\/wp-content\/uploads\/2025\/05\/IMGL1084-1024x683-640x480.jpg\" data-envira-gallery-id=\"1737\" data-envira-item-id=\"1744\" data-envira-caption=\"Kranich (Grus grus)\" alt=\"\" title=\"Kranich (Grus grus)\"  itemprop=\"thumbnailUrl\" data-envira-srcset=\"https:\/\/www.wolframs-naturfotos.de\/wordpress\/wp-content\/uploads\/2025\/05\/IMGL1084-1024x683-640x480.jpg 400w,https:\/\/www.wolframs-naturfotos.de\/wordpress\/wp-content\/uploads\/2025\/05\/IMGL1084-1024x683-640x480.jpg 2x\" data-envira-width=\"300\" data-envira-height=\"200\" srcset=\"https:\/\/www.wolframs-naturfotos.de\/wordpress\/wp-content\/uploads\/2025\/05\/IMGL1084-1280x960.jpg 2x\" data-safe-src=\"https:\/\/www.wolframs-naturfotos.de\/wordpress\/wp-content\/uploads\/2025\/05\/IMGL1084-1024x683-640x480.jpg\" \/><\/a><\/div><\/div><div id=\"envira-gallery-item-1758\" class=\"envira-gallery-item enviratope-item envira-gallery-item-9\" style=\"padding-left: 5px; padding-bottom: 10px; padding-right: 5px;\"  itemscope itemtype=\"https:\/\/schema.org\/ImageObject\"><div class=\"envira-gallery-item-inner\"><div class=\"envira-gallery-position-overlay  envira-gallery-top-left\"><\/div><div class=\"envira-gallery-position-overlay  envira-gallery-top-right\"><\/div><div class=\"envira-gallery-position-overlay  envira-gallery-bottom-left\"><\/div><div class=\"envira-gallery-position-overlay  envira-gallery-bottom-right\"><\/div><a href=\"https:\/\/www.wolframs-naturfotos.de\/wordpress\/wp-content\/uploads\/2025\/05\/IMG_9495-1.jpg\" class=\"envira-gallery-1737 envira-gallery-link\" rel=\"enviragallery1737\" title=\"Feldhase (Lepus europaeus)\" data-envira-caption=\"Feldhase (Lepus europaeus)\" data-envira-retina=\"\" data-thumbnail=\"\"  itemprop=\"contentUrl\"><img id=\"envira-gallery-image-1758\" class=\"envira-gallery-image envira-gallery-image-9 envira-normal \" data-envira-index=\"9\" src=\"https:\/\/www.wolframs-naturfotos.de\/wordpress\/wp-content\/uploads\/2025\/05\/IMG_9495-1-682x1024-640x480.jpg\" data-envira-src=\"https:\/\/www.wolframs-naturfotos.de\/wordpress\/wp-content\/uploads\/2025\/05\/IMG_9495-1-682x1024-640x480.jpg\" data-envira-gallery-id=\"1737\" data-envira-item-id=\"1758\" data-envira-caption=\"Feldhase (Lepus europaeus)\" alt=\"\" title=\"Feldhase (Lepus europaeus)\"  itemprop=\"thumbnailUrl\" data-envira-srcset=\"https:\/\/www.wolframs-naturfotos.de\/wordpress\/wp-content\/uploads\/2025\/05\/IMG_9495-1-682x1024-640x480.jpg 400w,https:\/\/www.wolframs-naturfotos.de\/wordpress\/wp-content\/uploads\/2025\/05\/IMG_9495-1-682x1024-640x480.jpg 2x\" data-envira-width=\"200\" data-envira-height=\"300\" srcset=\"https:\/\/www.wolframs-naturfotos.de\/wordpress\/wp-content\/uploads\/2025\/05\/IMG_9495-1-1280x960.jpg 2x\" data-safe-src=\"https:\/\/www.wolframs-naturfotos.de\/wordpress\/wp-content\/uploads\/2025\/05\/IMG_9495-1-682x1024-640x480.jpg\" \/><\/a><\/div><\/div><div id=\"envira-gallery-item-1745\" class=\"envira-gallery-item enviratope-item envira-gallery-item-10\" style=\"padding-left: 5px; padding-bottom: 10px; padding-right: 5px;\"  itemscope itemtype=\"https:\/\/schema.org\/ImageObject\"><div class=\"envira-gallery-item-inner\"><div class=\"envira-gallery-position-overlay  envira-gallery-top-left\"><\/div><div class=\"envira-gallery-position-overlay  envira-gallery-top-right\"><\/div><div class=\"envira-gallery-position-overlay  envira-gallery-bottom-left\"><\/div><div class=\"envira-gallery-position-overlay  envira-gallery-bottom-right\"><\/div><a href=\"https:\/\/www.wolframs-naturfotos.de\/wordpress\/wp-content\/uploads\/2025\/05\/IMGL0403.jpg\" class=\"envira-gallery-1737 envira-gallery-link\" rel=\"enviragallery1737\" title=\"Braunkehlchen (Saxicola rubetra)\" data-envira-caption=\"Braunkehlchen (Saxicola rubetra)\" data-envira-retina=\"\" data-thumbnail=\"\"  itemprop=\"contentUrl\"><img id=\"envira-gallery-image-1745\" class=\"envira-gallery-image envira-gallery-image-10 envira-normal \" data-envira-index=\"10\" src=\"https:\/\/www.wolframs-naturfotos.de\/wordpress\/wp-content\/uploads\/2025\/05\/IMGL0403-1024x683-640x480.jpg\" data-envira-src=\"https:\/\/www.wolframs-naturfotos.de\/wordpress\/wp-content\/uploads\/2025\/05\/IMGL0403-1024x683-640x480.jpg\" data-envira-gallery-id=\"1737\" data-envira-item-id=\"1745\" data-envira-caption=\"Braunkehlchen (Saxicola rubetra)\" alt=\"\" title=\"Braunkehlchen (Saxicola rubetra)\"  itemprop=\"thumbnailUrl\" data-envira-srcset=\"https:\/\/www.wolframs-naturfotos.de\/wordpress\/wp-content\/uploads\/2025\/05\/IMGL0403-1024x683-640x480.jpg 400w,https:\/\/www.wolframs-naturfotos.de\/wordpress\/wp-content\/uploads\/2025\/05\/IMGL0403-1024x683-640x480.jpg 2x\" data-envira-width=\"300\" data-envira-height=\"200\" srcset=\"https:\/\/www.wolframs-naturfotos.de\/wordpress\/wp-content\/uploads\/2025\/05\/IMGL0403-1280x960.jpg 2x\" data-safe-src=\"https:\/\/www.wolframs-naturfotos.de\/wordpress\/wp-content\/uploads\/2025\/05\/IMGL0403-1024x683-640x480.jpg\" \/><\/a><\/div><\/div><div id=\"envira-gallery-item-1746\" class=\"envira-gallery-item enviratope-item envira-gallery-item-11\" style=\"padding-left: 5px; padding-bottom: 10px; padding-right: 5px;\"  itemscope itemtype=\"https:\/\/schema.org\/ImageObject\"><div class=\"envira-gallery-item-inner\"><div class=\"envira-gallery-position-overlay  envira-gallery-top-left\"><\/div><div class=\"envira-gallery-position-overlay  envira-gallery-top-right\"><\/div><div class=\"envira-gallery-position-overlay  envira-gallery-bottom-left\"><\/div><div class=\"envira-gallery-position-overlay  envira-gallery-bottom-right\"><\/div><a href=\"https:\/\/www.wolframs-naturfotos.de\/wordpress\/wp-content\/uploads\/2025\/05\/IMGL0441.jpg\" class=\"envira-gallery-1737 envira-gallery-link\" rel=\"enviragallery1737\" title=\"Braunkehlchen (Saxicola rubetra)\" data-envira-caption=\"Braunkehlchen (Saxicola rubetra)\" data-envira-retina=\"\" data-thumbnail=\"\"  itemprop=\"contentUrl\"><img id=\"envira-gallery-image-1746\" class=\"envira-gallery-image envira-gallery-image-11 envira-normal \" data-envira-index=\"11\" src=\"https:\/\/www.wolframs-naturfotos.de\/wordpress\/wp-content\/uploads\/2025\/05\/IMGL0441-1024x683-640x480.jpg\" data-envira-src=\"https:\/\/www.wolframs-naturfotos.de\/wordpress\/wp-content\/uploads\/2025\/05\/IMGL0441-1024x683-640x480.jpg\" data-envira-gallery-id=\"1737\" data-envira-item-id=\"1746\" data-envira-caption=\"Braunkehlchen (Saxicola rubetra)\" alt=\"\" title=\"Braunkehlchen (Saxicola rubetra)\"  itemprop=\"thumbnailUrl\" data-envira-srcset=\"https:\/\/www.wolframs-naturfotos.de\/wordpress\/wp-content\/uploads\/2025\/05\/IMGL0441-1024x683-640x480.jpg 400w,https:\/\/www.wolframs-naturfotos.de\/wordpress\/wp-content\/uploads\/2025\/05\/IMGL0441-1024x683-640x480.jpg 2x\" data-envira-width=\"300\" data-envira-height=\"200\" srcset=\"https:\/\/www.wolframs-naturfotos.de\/wordpress\/wp-content\/uploads\/2025\/05\/IMGL0441-1280x960.jpg 2x\" data-safe-src=\"https:\/\/www.wolframs-naturfotos.de\/wordpress\/wp-content\/uploads\/2025\/05\/IMGL0441-1024x683-640x480.jpg\" \/><\/a><\/div><\/div><div id=\"envira-gallery-item-1747\" class=\"envira-gallery-item enviratope-item envira-gallery-item-12\" style=\"padding-left: 5px; padding-bottom: 10px; padding-right: 5px;\"  itemscope itemtype=\"https:\/\/schema.org\/ImageObject\"><div class=\"envira-gallery-item-inner\"><div class=\"envira-gallery-position-overlay  envira-gallery-top-left\"><\/div><div class=\"envira-gallery-position-overlay  envira-gallery-top-right\"><\/div><div class=\"envira-gallery-position-overlay  envira-gallery-bottom-left\"><\/div><div class=\"envira-gallery-position-overlay  envira-gallery-bottom-right\"><\/div><a href=\"https:\/\/www.wolframs-naturfotos.de\/wordpress\/wp-content\/uploads\/2025\/05\/IMGL0813.jpg\" class=\"envira-gallery-1737 envira-gallery-link\" rel=\"enviragallery1737\" title=\"Drosselrohrs\u00e4nger (Acrocephalus arundinaceus)\" data-envira-caption=\"Drosselrohrs\u00e4nger (Acrocephalus arundinaceus)\" data-envira-retina=\"\" data-thumbnail=\"\"  itemprop=\"contentUrl\"><img id=\"envira-gallery-image-1747\" class=\"envira-gallery-image envira-gallery-image-12 envira-normal \" data-envira-index=\"12\" src=\"https:\/\/www.wolframs-naturfotos.de\/wordpress\/wp-content\/uploads\/2025\/05\/IMGL0813-1024x683-640x480.jpg\" data-envira-src=\"https:\/\/www.wolframs-naturfotos.de\/wordpress\/wp-content\/uploads\/2025\/05\/IMGL0813-1024x683-640x480.jpg\" data-envira-gallery-id=\"1737\" data-envira-item-id=\"1747\" data-envira-caption=\"Drosselrohrs\u00e4nger (Acrocephalus arundinaceus)\" alt=\"\" title=\"Drosselrohrs\u00e4nger (Acrocephalus arundinaceus)\"  itemprop=\"thumbnailUrl\" data-envira-srcset=\"https:\/\/www.wolframs-naturfotos.de\/wordpress\/wp-content\/uploads\/2025\/05\/IMGL0813-1024x683-640x480.jpg 400w,https:\/\/www.wolframs-naturfotos.de\/wordpress\/wp-content\/uploads\/2025\/05\/IMGL0813-1024x683-640x480.jpg 2x\" data-envira-width=\"300\" data-envira-height=\"200\" srcset=\"https:\/\/www.wolframs-naturfotos.de\/wordpress\/wp-content\/uploads\/2025\/05\/IMGL0813-1280x960.jpg 2x\" data-safe-src=\"https:\/\/www.wolframs-naturfotos.de\/wordpress\/wp-content\/uploads\/2025\/05\/IMGL0813-1024x683-640x480.jpg\" \/><\/a><\/div><\/div><div id=\"envira-gallery-item-1749\" class=\"envira-gallery-item enviratope-item envira-gallery-item-13\" style=\"padding-left: 5px; padding-bottom: 10px; padding-right: 5px;\"  itemscope itemtype=\"https:\/\/schema.org\/ImageObject\"><div class=\"envira-gallery-item-inner\"><div class=\"envira-gallery-position-overlay  envira-gallery-top-left\"><\/div><div class=\"envira-gallery-position-overlay  envira-gallery-top-right\"><\/div><div class=\"envira-gallery-position-overlay  envira-gallery-bottom-left\"><\/div><div class=\"envira-gallery-position-overlay  envira-gallery-bottom-right\"><\/div><a href=\"https:\/\/www.wolframs-naturfotos.de\/wordpress\/wp-content\/uploads\/2025\/05\/IMGL0097.jpg\" class=\"envira-gallery-1737 envira-gallery-link\" rel=\"enviragallery1737\" title=\"Seeadler (Haliaeetus albicilla)\" data-envira-caption=\"Seeadler (Haliaeetus albicilla)\" data-envira-retina=\"\" data-thumbnail=\"\"  itemprop=\"contentUrl\"><img id=\"envira-gallery-image-1749\" class=\"envira-gallery-image envira-gallery-image-13 envira-normal \" data-envira-index=\"13\" src=\"https:\/\/www.wolframs-naturfotos.de\/wordpress\/wp-content\/uploads\/2025\/05\/IMGL0097-1024x683-640x480.jpg\" data-envira-src=\"https:\/\/www.wolframs-naturfotos.de\/wordpress\/wp-content\/uploads\/2025\/05\/IMGL0097-1024x683-640x480.jpg\" data-envira-gallery-id=\"1737\" data-envira-item-id=\"1749\" data-envira-caption=\"Seeadler (Haliaeetus albicilla)\" alt=\"\" title=\"Seeadler (Haliaeetus albicilla)\"  itemprop=\"thumbnailUrl\" data-envira-srcset=\"https:\/\/www.wolframs-naturfotos.de\/wordpress\/wp-content\/uploads\/2025\/05\/IMGL0097-1024x683-640x480.jpg 400w,https:\/\/www.wolframs-naturfotos.de\/wordpress\/wp-content\/uploads\/2025\/05\/IMGL0097-1024x683-640x480.jpg 2x\" data-envira-width=\"300\" data-envira-height=\"200\" srcset=\"https:\/\/www.wolframs-naturfotos.de\/wordpress\/wp-content\/uploads\/2025\/05\/IMGL0097-1280x960.jpg 2x\" data-safe-src=\"https:\/\/www.wolframs-naturfotos.de\/wordpress\/wp-content\/uploads\/2025\/05\/IMGL0097-1024x683-640x480.jpg\" \/><\/a><\/div><\/div><div id=\"envira-gallery-item-1750\" class=\"envira-gallery-item enviratope-item envira-gallery-item-14\" style=\"padding-left: 5px; padding-bottom: 10px; padding-right: 5px;\"  itemscope itemtype=\"https:\/\/schema.org\/ImageObject\"><div class=\"envira-gallery-item-inner\"><div class=\"envira-gallery-position-overlay  envira-gallery-top-left\"><\/div><div class=\"envira-gallery-position-overlay  envira-gallery-top-right\"><\/div><div class=\"envira-gallery-position-overlay  envira-gallery-bottom-left\"><\/div><div class=\"envira-gallery-position-overlay  envira-gallery-bottom-right\"><\/div><a href=\"https:\/\/www.wolframs-naturfotos.de\/wordpress\/wp-content\/uploads\/2025\/05\/IMGL0012.jpg\" class=\"envira-gallery-1737 envira-gallery-link\" rel=\"enviragallery1737\" title=\"Kranich (Grus grus)\" data-envira-caption=\"Kranich (Grus grus)\" data-envira-retina=\"\" data-thumbnail=\"\"  itemprop=\"contentUrl\"><img id=\"envira-gallery-image-1750\" class=\"envira-gallery-image envira-gallery-image-14 envira-normal \" data-envira-index=\"14\" src=\"https:\/\/www.wolframs-naturfotos.de\/wordpress\/wp-content\/uploads\/2025\/05\/IMGL0012-1024x683-640x480.jpg\" data-envira-src=\"https:\/\/www.wolframs-naturfotos.de\/wordpress\/wp-content\/uploads\/2025\/05\/IMGL0012-1024x683-640x480.jpg\" data-envira-gallery-id=\"1737\" data-envira-item-id=\"1750\" data-envira-caption=\"Kranich (Grus grus)\" alt=\"\" title=\"Kranich (Grus grus)\"  itemprop=\"thumbnailUrl\" data-envira-srcset=\"https:\/\/www.wolframs-naturfotos.de\/wordpress\/wp-content\/uploads\/2025\/05\/IMGL0012-1024x683-640x480.jpg 400w,https:\/\/www.wolframs-naturfotos.de\/wordpress\/wp-content\/uploads\/2025\/05\/IMGL0012-1024x683-640x480.jpg 2x\" data-envira-width=\"300\" data-envira-height=\"200\" srcset=\"https:\/\/www.wolframs-naturfotos.de\/wordpress\/wp-content\/uploads\/2025\/05\/IMGL0012-1280x960.jpg 2x\" data-safe-src=\"https:\/\/www.wolframs-naturfotos.de\/wordpress\/wp-content\/uploads\/2025\/05\/IMGL0012-1024x683-640x480.jpg\" \/><\/a><\/div><\/div><div id=\"envira-gallery-item-1751\" class=\"envira-gallery-item enviratope-item envira-gallery-item-15\" style=\"padding-left: 5px; padding-bottom: 10px; padding-right: 5px;\"  itemscope itemtype=\"https:\/\/schema.org\/ImageObject\"><div class=\"envira-gallery-item-inner\"><div class=\"envira-gallery-position-overlay  envira-gallery-top-left\"><\/div><div class=\"envira-gallery-position-overlay  envira-gallery-top-right\"><\/div><div class=\"envira-gallery-position-overlay  envira-gallery-bottom-left\"><\/div><div class=\"envira-gallery-position-overlay  envira-gallery-bottom-right\"><\/div><a href=\"https:\/\/www.wolframs-naturfotos.de\/wordpress\/wp-content\/uploads\/2025\/05\/IMG_9474.jpg\" class=\"envira-gallery-1737 envira-gallery-link\" rel=\"enviragallery1737\" title=\"Zauneidechse (Lacerta agilis)\" data-envira-caption=\"Zauneidechse (Lacerta agilis)\" data-envira-retina=\"\" data-thumbnail=\"\"  itemprop=\"contentUrl\"><img id=\"envira-gallery-image-1751\" class=\"envira-gallery-image envira-gallery-image-15 envira-normal \" data-envira-index=\"15\" src=\"https:\/\/www.wolframs-naturfotos.de\/wordpress\/wp-content\/uploads\/2025\/05\/IMG_9474-1024x683-640x480.jpg\" data-envira-src=\"https:\/\/www.wolframs-naturfotos.de\/wordpress\/wp-content\/uploads\/2025\/05\/IMG_9474-1024x683-640x480.jpg\" data-envira-gallery-id=\"1737\" data-envira-item-id=\"1751\" data-envira-caption=\"Zauneidechse (Lacerta agilis)\" alt=\"\" title=\"Zauneidechse (Lacerta agilis)\"  itemprop=\"thumbnailUrl\" data-envira-srcset=\"https:\/\/www.wolframs-naturfotos.de\/wordpress\/wp-content\/uploads\/2025\/05\/IMG_9474-1024x683-640x480.jpg 400w,https:\/\/www.wolframs-naturfotos.de\/wordpress\/wp-content\/uploads\/2025\/05\/IMG_9474-1024x683-640x480.jpg 2x\" data-envira-width=\"300\" data-envira-height=\"200\" srcset=\"https:\/\/www.wolframs-naturfotos.de\/wordpress\/wp-content\/uploads\/2025\/05\/IMG_9474-1280x960.jpg 2x\" data-safe-src=\"https:\/\/www.wolframs-naturfotos.de\/wordpress\/wp-content\/uploads\/2025\/05\/IMG_9474-1024x683-640x480.jpg\" \/><\/a><\/div><\/div><div id=\"envira-gallery-item-1752\" class=\"envira-gallery-item enviratope-item envira-gallery-item-16\" style=\"padding-left: 5px; padding-bottom: 10px; padding-right: 5px;\"  itemscope itemtype=\"https:\/\/schema.org\/ImageObject\"><div class=\"envira-gallery-item-inner\"><div class=\"envira-gallery-position-overlay  envira-gallery-top-left\"><\/div><div class=\"envira-gallery-position-overlay  envira-gallery-top-right\"><\/div><div class=\"envira-gallery-position-overlay  envira-gallery-bottom-left\"><\/div><div class=\"envira-gallery-position-overlay  envira-gallery-bottom-right\"><\/div><a href=\"https:\/\/www.wolframs-naturfotos.de\/wordpress\/wp-content\/uploads\/2025\/05\/IMGL9612-1.jpg\" class=\"envira-gallery-1737 envira-gallery-link\" rel=\"enviragallery1737\" title=\"Rotbauchunke (Bombina bombina)\" data-envira-caption=\"Rotbauchunke (Bombina bombina)\" data-envira-retina=\"\" data-thumbnail=\"\"  itemprop=\"contentUrl\"><img id=\"envira-gallery-image-1752\" class=\"envira-gallery-image envira-gallery-image-16 envira-normal \" data-envira-index=\"16\" src=\"https:\/\/www.wolframs-naturfotos.de\/wordpress\/wp-content\/uploads\/2025\/05\/IMGL9612-1-1024x683-640x480.jpg\" data-envira-src=\"https:\/\/www.wolframs-naturfotos.de\/wordpress\/wp-content\/uploads\/2025\/05\/IMGL9612-1-1024x683-640x480.jpg\" data-envira-gallery-id=\"1737\" data-envira-item-id=\"1752\" data-envira-caption=\"Rotbauchunke (Bombina bombina)\" alt=\"\" title=\"Rotbauchunke (Bombina bombina)\"  itemprop=\"thumbnailUrl\" data-envira-srcset=\"https:\/\/www.wolframs-naturfotos.de\/wordpress\/wp-content\/uploads\/2025\/05\/IMGL9612-1-1024x683-640x480.jpg 400w,https:\/\/www.wolframs-naturfotos.de\/wordpress\/wp-content\/uploads\/2025\/05\/IMGL9612-1-1024x683-640x480.jpg 2x\" data-envira-width=\"300\" data-envira-height=\"200\" srcset=\"https:\/\/www.wolframs-naturfotos.de\/wordpress\/wp-content\/uploads\/2025\/05\/IMGL9612-1-1280x960.jpg 2x\" data-safe-src=\"https:\/\/www.wolframs-naturfotos.de\/wordpress\/wp-content\/uploads\/2025\/05\/IMGL9612-1-1024x683-640x480.jpg\" \/><\/a><\/div><\/div><div id=\"envira-gallery-item-1753\" class=\"envira-gallery-item enviratope-item envira-gallery-item-17\" style=\"padding-left: 5px; padding-bottom: 10px; padding-right: 5px;\"  itemscope itemtype=\"https:\/\/schema.org\/ImageObject\"><div class=\"envira-gallery-item-inner\"><div class=\"envira-gallery-position-overlay  envira-gallery-top-left\"><\/div><div class=\"envira-gallery-position-overlay  envira-gallery-top-right\"><\/div><div class=\"envira-gallery-position-overlay  envira-gallery-bottom-left\"><\/div><div class=\"envira-gallery-position-overlay  envira-gallery-bottom-right\"><\/div><a href=\"https:\/\/www.wolframs-naturfotos.de\/wordpress\/wp-content\/uploads\/2025\/05\/IMG_9568-1.jpg\" class=\"envira-gallery-1737 envira-gallery-link\" rel=\"enviragallery1737\" title=\"Europ\u00e4ischer Laubfrosch (Hyla arborea)\" data-envira-caption=\"Europ\u00e4ischer Laubfrosch (Hyla arborea)\" data-envira-retina=\"\" data-thumbnail=\"\"  itemprop=\"contentUrl\"><img id=\"envira-gallery-image-1753\" class=\"envira-gallery-image envira-gallery-image-17 envira-normal \" data-envira-index=\"17\" src=\"https:\/\/www.wolframs-naturfotos.de\/wordpress\/wp-content\/uploads\/2025\/05\/IMG_9568-1-1024x683-640x480.jpg\" data-envira-src=\"https:\/\/www.wolframs-naturfotos.de\/wordpress\/wp-content\/uploads\/2025\/05\/IMG_9568-1-1024x683-640x480.jpg\" data-envira-gallery-id=\"1737\" data-envira-item-id=\"1753\" data-envira-caption=\"Europ\u00e4ischer Laubfrosch (Hyla arborea)\" alt=\"\" title=\"Europ\u00e4ischer Laubfrosch (Hyla arborea)\"  itemprop=\"thumbnailUrl\" data-envira-srcset=\"https:\/\/www.wolframs-naturfotos.de\/wordpress\/wp-content\/uploads\/2025\/05\/IMG_9568-1-1024x683-640x480.jpg 400w,https:\/\/www.wolframs-naturfotos.de\/wordpress\/wp-content\/uploads\/2025\/05\/IMG_9568-1-1024x683-640x480.jpg 2x\" data-envira-width=\"300\" data-envira-height=\"200\" srcset=\"https:\/\/www.wolframs-naturfotos.de\/wordpress\/wp-content\/uploads\/2025\/05\/IMG_9568-1-1280x960.jpg 2x\" data-safe-src=\"https:\/\/www.wolframs-naturfotos.de\/wordpress\/wp-content\/uploads\/2025\/05\/IMG_9568-1-1024x683-640x480.jpg\" \/><\/a><\/div><\/div><div id=\"envira-gallery-item-1754\" class=\"envira-gallery-item enviratope-item envira-gallery-item-18\" style=\"padding-left: 5px; padding-bottom: 10px; padding-right: 5px;\"  itemscope itemtype=\"https:\/\/schema.org\/ImageObject\"><div class=\"envira-gallery-item-inner\"><div class=\"envira-gallery-position-overlay  envira-gallery-top-left\"><\/div><div class=\"envira-gallery-position-overlay  envira-gallery-top-right\"><\/div><div class=\"envira-gallery-position-overlay  envira-gallery-bottom-left\"><\/div><div class=\"envira-gallery-position-overlay  envira-gallery-bottom-right\"><\/div><a href=\"https:\/\/www.wolframs-naturfotos.de\/wordpress\/wp-content\/uploads\/2025\/05\/IMGL1133-1.jpg\" class=\"envira-gallery-1737 envira-gallery-link\" rel=\"enviragallery1737\" title=\"Reh (Capreolus capreolus)\" data-envira-caption=\"Reh (Capreolus capreolus)\" data-envira-retina=\"\" data-thumbnail=\"\"  itemprop=\"contentUrl\"><img id=\"envira-gallery-image-1754\" class=\"envira-gallery-image envira-gallery-image-18 envira-normal \" data-envira-index=\"18\" src=\"https:\/\/www.wolframs-naturfotos.de\/wordpress\/wp-content\/uploads\/2025\/05\/IMGL1133-1-1024x683-640x480.jpg\" data-envira-src=\"https:\/\/www.wolframs-naturfotos.de\/wordpress\/wp-content\/uploads\/2025\/05\/IMGL1133-1-1024x683-640x480.jpg\" data-envira-gallery-id=\"1737\" data-envira-item-id=\"1754\" data-envira-caption=\"Reh (Capreolus capreolus)\" alt=\"\" title=\"Reh (Capreolus capreolus)\"  itemprop=\"thumbnailUrl\" data-envira-srcset=\"https:\/\/www.wolframs-naturfotos.de\/wordpress\/wp-content\/uploads\/2025\/05\/IMGL1133-1-1024x683-640x480.jpg 400w,https:\/\/www.wolframs-naturfotos.de\/wordpress\/wp-content\/uploads\/2025\/05\/IMGL1133-1-1024x683-640x480.jpg 2x\" data-envira-width=\"300\" data-envira-height=\"200\" srcset=\"https:\/\/www.wolframs-naturfotos.de\/wordpress\/wp-content\/uploads\/2025\/05\/IMGL1133-1-1280x960.jpg 2x\" data-safe-src=\"https:\/\/www.wolframs-naturfotos.de\/wordpress\/wp-content\/uploads\/2025\/05\/IMGL1133-1-1024x683-640x480.jpg\" \/><\/a><\/div><\/div><\/div><\/div><noscript><img src=\"https:\/\/www.wolframs-naturfotos.de\/wordpress\/wp-content\/uploads\/2025\/05\/IMGL0087.jpg\" alt=\"\" \/><img src=\"https:\/\/www.wolframs-naturfotos.de\/wordpress\/wp-content\/uploads\/2025\/05\/IMGL1252-1.jpg\" alt=\"\" \/><img src=\"https:\/\/www.wolframs-naturfotos.de\/wordpress\/wp-content\/uploads\/2025\/05\/IMG_9549.jpg\" alt=\"\" \/><img src=\"https:\/\/www.wolframs-naturfotos.de\/wordpress\/wp-content\/uploads\/2025\/05\/IMG_9568.jpg\" alt=\"\" \/><img src=\"https:\/\/www.wolframs-naturfotos.de\/wordpress\/wp-content\/uploads\/2025\/05\/IMGL1159.jpg\" alt=\"\" \/><img src=\"https:\/\/www.wolframs-naturfotos.de\/wordpress\/wp-content\/uploads\/2025\/05\/IMGL9612.jpg\" alt=\"\" \/><img src=\"https:\/\/www.wolframs-naturfotos.de\/wordpress\/wp-content\/uploads\/2025\/05\/IMGL1133.jpg\" alt=\"\" \/><img src=\"https:\/\/www.wolframs-naturfotos.de\/wordpress\/wp-content\/uploads\/2025\/05\/IMGL1084.jpg\" alt=\"\" \/><img src=\"https:\/\/www.wolframs-naturfotos.de\/wordpress\/wp-content\/uploads\/2025\/05\/IMG_9495-1.jpg\" alt=\"\" \/><img src=\"https:\/\/www.wolframs-naturfotos.de\/wordpress\/wp-content\/uploads\/2025\/05\/IMGL0403.jpg\" alt=\"\" \/><img src=\"https:\/\/www.wolframs-naturfotos.de\/wordpress\/wp-content\/uploads\/2025\/05\/IMGL0441.jpg\" alt=\"\" \/><img src=\"https:\/\/www.wolframs-naturfotos.de\/wordpress\/wp-content\/uploads\/2025\/05\/IMGL0813.jpg\" alt=\"\" \/><img src=\"https:\/\/www.wolframs-naturfotos.de\/wordpress\/wp-content\/uploads\/2025\/05\/IMGL0097.jpg\" alt=\"\" \/><img src=\"https:\/\/www.wolframs-naturfotos.de\/wordpress\/wp-content\/uploads\/2025\/05\/IMGL0012.jpg\" alt=\"\" \/><img src=\"https:\/\/www.wolframs-naturfotos.de\/wordpress\/wp-content\/uploads\/2025\/05\/IMG_9474.jpg\" alt=\"\" \/><img src=\"https:\/\/www.wolframs-naturfotos.de\/wordpress\/wp-content\/uploads\/2025\/05\/IMGL9612-1.jpg\" alt=\"\" \/><img src=\"https:\/\/www.wolframs-naturfotos.de\/wordpress\/wp-content\/uploads\/2025\/05\/IMG_9568-1.jpg\" alt=\"\" \/><img src=\"https:\/\/www.wolframs-naturfotos.de\/wordpress\/wp-content\/uploads\/2025\/05\/IMGL1133-1.jpg\" alt=\"\" \/><\/noscript><\/code><\/p>\n","protected":false},"excerpt":{"rendered":"<p>Kraniche und Wiedeh\u00f6pfe rufen von den Wiesen, Laubfr\u00f6sche und Rotbauchunken aus den Teichen und aus den B\u00e4umen h\u00f6rt man unentwegt Pirole und Kuckucke &#8211; das ist die Lausitz. An vielen Teichgebieten trifft man kaum Menschen, daf\u00fcr einen unglaublichen Artenreichtum.<\/p>\n","protected":false},"author":2,"featured_media":0,"comment_status":"closed","ping_status":"open","sticky":false,"template":"","format":"standard","meta":[],"categories":[1],"tags":[],"_links":{"self":[{"href":"https:\/\/www.wolframs-naturfotos.de\/wordpress\/wp-json\/wp\/v2\/posts\/1756"}],"collection":[{"href":"https:\/\/www.wolframs-naturfotos.de\/wordpress\/wp-json\/wp\/v2\/posts"}],"about":[{"href":"https:\/\/www.wolframs-naturfotos.de\/wordpress\/wp-json\/wp\/v2\/types\/post"}],"author":[{"embeddable":true,"href":"https:\/\/www.wolframs-naturfotos.de\/wordpress\/wp-json\/wp\/v2\/users\/2"}],"replies":[{"embeddable":true,"href":"https:\/\/www.wolframs-naturfotos.de\/wordpress\/wp-json\/wp\/v2\/comments?post=1756"}],"version-history":[{"count":2,"href":"https:\/\/www.wolframs-naturfotos.de\/wordpress\/wp-json\/wp\/v2\/posts\/1756\/revisions"}],"predecessor-version":[{"id":1760,"href":"https:\/\/www.wolframs-naturfotos.de\/wordpress\/wp-json\/wp\/v2\/posts\/1756\/revisions\/1760"}],"wp:attachment":[{"href":"https:\/\/www.wolframs-naturfotos.de\/wordpress\/wp-json\/wp\/v2\/media?parent=1756"}],"wp:term":[{"taxonomy":"category","embeddable":true,"href":"https:\/\/www.wolframs-naturfotos.de\/wordpress\/wp-json\/wp\/v2\/categories?post=1756"},{"taxonomy":"post_tag","embeddable":true,"href":"https:\/\/www.wolframs-naturfotos.de\/wordpress\/wp-json\/wp\/v2\/tags?post=1756"}],"curies":[{"name":"wp","href":"https:\/\/api.w.org\/{rel}","templated":true}]}}