{"id":809,"date":"2016-06-16T19:51:42","date_gmt":"2016-06-16T18:51:42","guid":{"rendered":"http:\/\/www.wolframs-naturfotos.de\/wordpress\/?p=809"},"modified":"2016-06-22T10:22:08","modified_gmt":"2016-06-22T09:22:08","slug":"an-der-buntspechthoehle","status":"publish","type":"post","link":"https:\/\/www.wolframs-naturfotos.de\/wordpress\/2016\/06\/16\/an-der-buntspechthoehle\/","title":{"rendered":"An der Buntspechth\u00f6hle"},"content":{"rendered":"<p>Durch Zufall entdeckte ich eine Buntspechth\u00f6hle, die auf Augenh\u00f6he und auch nicht zu dunkel lag. Es war sehr interessant, die F\u00fctterungen zu beobachten. Am Anfang h\u00f6rte man nur das Rufen der Kleinen in der H\u00f6hle, gro\u00df war die Freude, nachdem der erste auch herausschaute.<\/p>\n\n\t\t<style type=\"text\/css\">\n\t\t\t#gallery-1 {\n\t\t\t\tmargin: auto;\n\t\t\t}\n\t\t\t#gallery-1 .gallery-item {\n\t\t\t\tfloat: left;\n\t\t\t\tmargin-top: 10px;\n\t\t\t\ttext-align: center;\n\t\t\t\twidth: 50%;\n\t\t\t}\n\t\t\t#gallery-1 img {\n\t\t\t\tborder: 2px solid #cfcfcf;\n\t\t\t}\n\t\t\t#gallery-1 .gallery-caption {\n\t\t\t\tmargin-left: 0;\n\t\t\t}\n\t\t\t\/* see gallery_shortcode() in wp-includes\/media.php *\/\n\t\t<\/style>\n\t\t<div id='gallery-1' class='gallery galleryid-809 gallery-columns-2 gallery-size-medium'><dl class='gallery-item'>\n\t\t\t<dt class='gallery-icon portrait'>\n\t\t\t\t<a href='https:\/\/www.wolframs-naturfotos.de\/wordpress\/wp-content\/uploads\/2016\/06\/2016_05_18_8950.jpg'><img width=\"209\" height=\"300\" src=\"https:\/\/www.wolframs-naturfotos.de\/wordpress\/wp-content\/uploads\/2016\/06\/2016_05_18_8950-209x300.jpg\" class=\"attachment-medium size-medium\" alt=\"\" decoding=\"async\" loading=\"lazy\" aria-describedby=\"gallery-1-810\" srcset=\"https:\/\/www.wolframs-naturfotos.de\/wordpress\/wp-content\/uploads\/2016\/06\/2016_05_18_8950-209x300.jpg 209w, https:\/\/www.wolframs-naturfotos.de\/wordpress\/wp-content\/uploads\/2016\/06\/2016_05_18_8950.jpg 698w\" sizes=\"(max-width: 209px) 100vw, 209px\" \/><\/a>\n\t\t\t<\/dt>\n\t\t\t\t<dd class='wp-caption-text gallery-caption' id='gallery-1-810'>\n\t\t\t\tDas M\u00e4nnchen vor der H\u00f6hle.\n\t\t\t\t<\/dd><\/dl><dl class='gallery-item'>\n\t\t\t<dt class='gallery-icon portrait'>\n\t\t\t\t<a href='https:\/\/www.wolframs-naturfotos.de\/wordpress\/wp-content\/uploads\/2016\/06\/2016_05_26_9988.jpg'><img width=\"200\" height=\"300\" src=\"https:\/\/www.wolframs-naturfotos.de\/wordpress\/wp-content\/uploads\/2016\/06\/2016_05_26_9988-200x300.jpg\" class=\"attachment-medium size-medium\" alt=\"\" decoding=\"async\" loading=\"lazy\" aria-describedby=\"gallery-1-811\" srcset=\"https:\/\/www.wolframs-naturfotos.de\/wordpress\/wp-content\/uploads\/2016\/06\/2016_05_26_9988-200x300.jpg 200w, https:\/\/www.wolframs-naturfotos.de\/wordpress\/wp-content\/uploads\/2016\/06\/2016_05_26_9988.jpg 667w\" sizes=\"(max-width: 200px) 100vw, 200px\" \/><\/a>\n\t\t\t<\/dt>\n\t\t\t\t<dd class='wp-caption-text gallery-caption' id='gallery-1-811'>\n\t\t\t\tDas Weibchen bringt Futter f\u00fcr den Nachwuchs\n\t\t\t\t<\/dd><\/dl><br style=\"clear: both\" \/><dl class='gallery-item'>\n\t\t\t<dt class='gallery-icon landscape'>\n\t\t\t\t<a href='https:\/\/www.wolframs-naturfotos.de\/wordpress\/wp-content\/uploads\/2016\/06\/2016_06_02_0650.jpg'><img width=\"300\" height=\"200\" src=\"https:\/\/www.wolframs-naturfotos.de\/wordpress\/wp-content\/uploads\/2016\/06\/2016_06_02_0650-300x200.jpg\" class=\"attachment-medium size-medium\" alt=\"\" decoding=\"async\" loading=\"lazy\" aria-describedby=\"gallery-1-815\" srcset=\"https:\/\/www.wolframs-naturfotos.de\/wordpress\/wp-content\/uploads\/2016\/06\/2016_06_02_0650-300x200.jpg 300w, https:\/\/www.wolframs-naturfotos.de\/wordpress\/wp-content\/uploads\/2016\/06\/2016_06_02_0650-1024x682.jpg 1024w, https:\/\/www.wolframs-naturfotos.de\/wordpress\/wp-content\/uploads\/2016\/06\/2016_06_02_0650.jpg 1100w\" sizes=\"(max-width: 300px) 100vw, 300px\" \/><\/a>\n\t\t\t<\/dt>\n\t\t\t\t<dd class='wp-caption-text gallery-caption' id='gallery-1-815'>\n\t\t\t\tDer Erste schaut heraus!\n\t\t\t\t<\/dd><\/dl><dl class='gallery-item'>\n\t\t\t<dt class='gallery-icon portrait'>\n\t\t\t\t<a href='https:\/\/www.wolframs-naturfotos.de\/wordpress\/wp-content\/uploads\/2016\/06\/2016_05_31_0506.jpg'><img width=\"200\" height=\"300\" src=\"https:\/\/www.wolframs-naturfotos.de\/wordpress\/wp-content\/uploads\/2016\/06\/2016_05_31_0506-200x300.jpg\" class=\"attachment-medium size-medium\" alt=\"\" decoding=\"async\" loading=\"lazy\" aria-describedby=\"gallery-1-812\" srcset=\"https:\/\/www.wolframs-naturfotos.de\/wordpress\/wp-content\/uploads\/2016\/06\/2016_05_31_0506-200x300.jpg 200w, https:\/\/www.wolframs-naturfotos.de\/wordpress\/wp-content\/uploads\/2016\/06\/2016_05_31_0506.jpg 667w\" sizes=\"(max-width: 200px) 100vw, 200px\" \/><\/a>\n\t\t\t<\/dt>\n\t\t\t\t<dd class='wp-caption-text gallery-caption' id='gallery-1-812'>\n\t\t\t\tF\u00fctterung\n\t\t\t\t<\/dd><\/dl><br style=\"clear: both\" \/><dl class='gallery-item'>\n\t\t\t<dt class='gallery-icon landscape'>\n\t\t\t\t<a href='https:\/\/www.wolframs-naturfotos.de\/wordpress\/wp-content\/uploads\/2016\/06\/2016_06_01_0592.jpg'><img width=\"300\" height=\"200\" src=\"https:\/\/www.wolframs-naturfotos.de\/wordpress\/wp-content\/uploads\/2016\/06\/2016_06_01_0592-300x200.jpg\" class=\"attachment-medium size-medium\" alt=\"\" decoding=\"async\" loading=\"lazy\" aria-describedby=\"gallery-1-813\" srcset=\"https:\/\/www.wolframs-naturfotos.de\/wordpress\/wp-content\/uploads\/2016\/06\/2016_06_01_0592-300x200.jpg 300w, https:\/\/www.wolframs-naturfotos.de\/wordpress\/wp-content\/uploads\/2016\/06\/2016_06_01_0592-1024x682.jpg 1024w, https:\/\/www.wolframs-naturfotos.de\/wordpress\/wp-content\/uploads\/2016\/06\/2016_06_01_0592.jpg 1100w\" sizes=\"(max-width: 300px) 100vw, 300px\" \/><\/a>\n\t\t\t<\/dt>\n\t\t\t\t<dd class='wp-caption-text gallery-caption' id='gallery-1-813'>\n\t\t\t\tDie Kotballen der Jungen werden durch die Altv\u00f6gel entsorgt.\n\t\t\t\t<\/dd><\/dl><dl class='gallery-item'>\n\t\t\t<dt class='gallery-icon portrait'>\n\t\t\t\t<a href='https:\/\/www.wolframs-naturfotos.de\/wordpress\/wp-content\/uploads\/2016\/06\/2016_06_02_0637.jpg'><img width=\"200\" height=\"300\" src=\"https:\/\/www.wolframs-naturfotos.de\/wordpress\/wp-content\/uploads\/2016\/06\/2016_06_02_0637-200x300.jpg\" class=\"attachment-medium size-medium\" alt=\"\" decoding=\"async\" loading=\"lazy\" aria-describedby=\"gallery-1-814\" srcset=\"https:\/\/www.wolframs-naturfotos.de\/wordpress\/wp-content\/uploads\/2016\/06\/2016_06_02_0637-200x300.jpg 200w, https:\/\/www.wolframs-naturfotos.de\/wordpress\/wp-content\/uploads\/2016\/06\/2016_06_02_0637.jpg 667w\" sizes=\"(max-width: 200px) 100vw, 200px\" \/><\/a>\n\t\t\t<\/dt>\n\t\t\t\t<dd class='wp-caption-text gallery-caption' id='gallery-1-814'>\n\t\t\t\tF\u00fctterung\n\t\t\t\t<\/dd><\/dl><br style=\"clear: both\" \/>\n\t\t<\/div>\n\n<p>&nbsp;<\/p>\n","protected":false},"excerpt":{"rendered":"<p>Durch Zufall entdeckte ich eine Buntspechth\u00f6hle, die auf Augenh\u00f6he und auch nicht zu dunkel lag. Es war sehr interessant, die F\u00fctterungen zu beobachten. Am Anfang h\u00f6rte man nur das Rufen der Kleinen in der H\u00f6hle, gro\u00df war die Freude, nachdem der erste auch herausschaute. &nbsp;<\/p>\n","protected":false},"author":2,"featured_media":0,"comment_status":"open","ping_status":"open","sticky":false,"template":"","format":"standard","meta":[],"categories":[3],"tags":[],"_links":{"self":[{"href":"https:\/\/www.wolframs-naturfotos.de\/wordpress\/wp-json\/wp\/v2\/posts\/809"}],"collection":[{"href":"https:\/\/www.wolframs-naturfotos.de\/wordpress\/wp-json\/wp\/v2\/posts"}],"about":[{"href":"https:\/\/www.wolframs-naturfotos.de\/wordpress\/wp-json\/wp\/v2\/types\/post"}],"author":[{"embeddable":true,"href":"https:\/\/www.wolframs-naturfotos.de\/wordpress\/wp-json\/wp\/v2\/users\/2"}],"replies":[{"embeddable":true,"href":"https:\/\/www.wolframs-naturfotos.de\/wordpress\/wp-json\/wp\/v2\/comments?post=809"}],"version-history":[{"count":7,"href":"https:\/\/www.wolframs-naturfotos.de\/wordpress\/wp-json\/wp\/v2\/posts\/809\/revisions"}],"predecessor-version":[{"id":822,"href":"https:\/\/www.wolframs-naturfotos.de\/wordpress\/wp-json\/wp\/v2\/posts\/809\/revisions\/822"}],"wp:attachment":[{"href":"https:\/\/www.wolframs-naturfotos.de\/wordpress\/wp-json\/wp\/v2\/media?parent=809"}],"wp:term":[{"taxonomy":"category","embeddable":true,"href":"https:\/\/www.wolframs-naturfotos.de\/wordpress\/wp-json\/wp\/v2\/categories?post=809"},{"taxonomy":"post_tag","embeddable":true,"href":"https:\/\/www.wolframs-naturfotos.de\/wordpress\/wp-json\/wp\/v2\/tags?post=809"}],"curies":[{"name":"wp","href":"https:\/\/api.w.org\/{rel}","templated":true}]}}