{"id":980,"date":"2017-03-19T15:15:14","date_gmt":"2017-03-19T14:15:14","guid":{"rendered":"http:\/\/www.wolframs-naturfotos.de\/wordpress\/?p=980"},"modified":"2017-03-19T15:15:14","modified_gmt":"2017-03-19T14:15:14","slug":"maerzenbecher-im-auwald","status":"publish","type":"post","link":"https:\/\/www.wolframs-naturfotos.de\/wordpress\/2017\/03\/19\/maerzenbecher-im-auwald\/","title":{"rendered":"M\u00e4rzenbecher im Auwald"},"content":{"rendered":"<p>Zwischen zwei Regenschauern machten wir einen kurzen Ausflug in den Schkeuditzer Auwald. Pl\u00f6tzlich erblickten wir zwischen den B\u00e4umen M\u00e4rzenbecher. Wie ein wei\u00dfer Teppich waren ganze Waldst\u00fccke mit M\u00e4rzenbechern best\u00fcckt. Das letzte Foto\u00a0 fotografierte meine Frau mit dem Smartphone, es zeigt gut, wie dicht gedr\u00e4ngt die Blumen im Wald stehen.<\/p>\n<p><code id=\"envira_shortcode_id_982\"><div id=\"envira-gallery-wrap-982\" class=\"envira-gallery-wrap envira-gallery-theme-base envira-lightbox-theme-base\" itemscope itemtype=\"https:\/\/schema.org\/ImageGallery\"><div data-row-height=\"200\" data-gallery-theme=\"normal\" id=\"envira-gallery-982\" class=\"envira-gallery-public envira-gallery-justified-public envira-gallery-0-columns envira-clear enviratope envira-gallery-css-animations\" data-envira-columns=\"0\"><div id=\"envira-gallery-item-983\" class=\"envira-gallery-item enviratope-item envira-gallery-item-1\" style=\"padding-left: 5px; padding-bottom: 10px; padding-right: 5px;\"  itemscope itemtype=\"https:\/\/schema.org\/ImageObject\"><div class=\"envira-gallery-item-inner\"><div class=\"envira-gallery-position-overlay  envira-gallery-top-left\"><\/div><div class=\"envira-gallery-position-overlay  envira-gallery-top-right\"><\/div><div class=\"envira-gallery-position-overlay  envira-gallery-bottom-left\"><\/div><div class=\"envira-gallery-position-overlay  envira-gallery-bottom-right\"><\/div><a href=\"http:\/\/www.wolframs-naturfotos.de\/wordpress\/wp-content\/uploads\/2017\/03\/EOS-7D-Mark-II_2017_03_18_04949.jpg\" class=\"envira-gallery-982 envira-gallery-link\" rel=\"enviragallery982\" title=\"M\u00e4rzenbecher (Leucojum vernum)\" data-envira-caption=\"M\u00e4rzenbecher (Leucojum vernum)\" data-envira-retina=\"\" data-thumbnail=\"\"  itemprop=\"contentUrl\"><img id=\"envira-gallery-image-983\" class=\"envira-gallery-image envira-gallery-image-1 envira-normal envira-lazy\" data-envira-index=\"1\" src=\"https:\/\/www.wolframs-naturfotos.de\/wordpress\/wp-content\/uploads\/2017\/03\/EOS-7D-Mark-II_2017_03_18_04949-640x480.jpg\" data-envira-src=\"https:\/\/www.wolframs-naturfotos.de\/wordpress\/wp-content\/uploads\/2017\/03\/EOS-7D-Mark-II_2017_03_18_04949-640x480.jpg\" data-envira-gallery-id=\"982\" data-envira-item-id=\"983\" data-envira-caption=\"M\u00e4rzenbecher (Leucojum vernum)\" alt=\"\" title=\"M\u00e4rzenbecher (Leucojum vernum)\"  itemprop=\"thumbnailUrl\" data-envira-srcset=\"https:\/\/www.wolframs-naturfotos.de\/wordpress\/wp-content\/uploads\/2017\/03\/EOS-7D-Mark-II_2017_03_18_04949-640x480.jpg 400w,https:\/\/www.wolframs-naturfotos.de\/wordpress\/wp-content\/uploads\/2017\/03\/EOS-7D-Mark-II_2017_03_18_04949-640x480.jpg 2x\" data-envira-width=\"200\" data-envira-height=\"300\" srcset=\"data:image\/gif;base64,R0lGODlhAQABAIAAAP\/\/\/\/\/\/\/yH5BAEKAAEALAAAAAABAAEAAAICTAEAOw==\" data-safe-src=\"data:image\/gif;base64,R0lGODlhAQABAIAAAP\/\/\/\/\/\/\/yH5BAEKAAEALAAAAAABAAEAAAICTAEAOw==\" \/><\/a><\/div><\/div><div id=\"envira-gallery-item-984\" class=\"envira-gallery-item enviratope-item envira-gallery-item-2\" style=\"padding-left: 5px; padding-bottom: 10px; padding-right: 5px;\"  itemscope itemtype=\"https:\/\/schema.org\/ImageObject\"><div class=\"envira-gallery-item-inner\"><div class=\"envira-gallery-position-overlay  envira-gallery-top-left\"><\/div><div class=\"envira-gallery-position-overlay  envira-gallery-top-right\"><\/div><div class=\"envira-gallery-position-overlay  envira-gallery-bottom-left\"><\/div><div class=\"envira-gallery-position-overlay  envira-gallery-bottom-right\"><\/div><a href=\"http:\/\/www.wolframs-naturfotos.de\/wordpress\/wp-content\/uploads\/2017\/03\/EOS-7D-Mark-II_2017_03_18_04907.jpg\" class=\"envira-gallery-982 envira-gallery-link\" rel=\"enviragallery982\" title=\"M\u00e4rzenbecher (Leucojum vernum)\" data-envira-caption=\"M\u00e4rzenbecher (Leucojum vernum)\" data-envira-retina=\"\" data-thumbnail=\"\"  itemprop=\"contentUrl\"><img id=\"envira-gallery-image-984\" class=\"envira-gallery-image envira-gallery-image-2 envira-normal envira-lazy\" data-envira-index=\"2\" src=\"https:\/\/www.wolframs-naturfotos.de\/wordpress\/wp-content\/uploads\/2017\/03\/EOS-7D-Mark-II_2017_03_18_04907-640x480.jpg\" data-envira-src=\"https:\/\/www.wolframs-naturfotos.de\/wordpress\/wp-content\/uploads\/2017\/03\/EOS-7D-Mark-II_2017_03_18_04907-640x480.jpg\" data-envira-gallery-id=\"982\" data-envira-item-id=\"984\" data-envira-caption=\"M\u00e4rzenbecher (Leucojum vernum)\" alt=\"\" title=\"M\u00e4rzenbecher (Leucojum vernum)\"  itemprop=\"thumbnailUrl\" data-envira-srcset=\"https:\/\/www.wolframs-naturfotos.de\/wordpress\/wp-content\/uploads\/2017\/03\/EOS-7D-Mark-II_2017_03_18_04907-640x480.jpg 400w,https:\/\/www.wolframs-naturfotos.de\/wordpress\/wp-content\/uploads\/2017\/03\/EOS-7D-Mark-II_2017_03_18_04907-640x480.jpg 2x\" data-envira-width=\"225\" data-envira-height=\"300\" srcset=\"data:image\/gif;base64,R0lGODlhAQABAIAAAP\/\/\/\/\/\/\/yH5BAEKAAEALAAAAAABAAEAAAICTAEAOw==\" data-safe-src=\"data:image\/gif;base64,R0lGODlhAQABAIAAAP\/\/\/\/\/\/\/yH5BAEKAAEALAAAAAABAAEAAAICTAEAOw==\" \/><\/a><\/div><\/div><div id=\"envira-gallery-item-985\" class=\"envira-gallery-item enviratope-item envira-gallery-item-3\" style=\"padding-left: 5px; padding-bottom: 10px; padding-right: 5px;\"  itemscope itemtype=\"https:\/\/schema.org\/ImageObject\"><div class=\"envira-gallery-item-inner\"><div class=\"envira-gallery-position-overlay  envira-gallery-top-left\"><\/div><div class=\"envira-gallery-position-overlay  envira-gallery-top-right\"><\/div><div class=\"envira-gallery-position-overlay  envira-gallery-bottom-left\"><\/div><div class=\"envira-gallery-position-overlay  envira-gallery-bottom-right\"><\/div><a href=\"http:\/\/www.wolframs-naturfotos.de\/wordpress\/wp-content\/uploads\/2017\/03\/IMG-20170318-WA0001.jpg\" class=\"envira-gallery-982 envira-gallery-link\" rel=\"enviragallery982\" title=\"img-20170318-wa0001\" data-envira-caption=\"img-20170318-wa0001\" data-envira-retina=\"\" data-thumbnail=\"\"  itemprop=\"contentUrl\"><img id=\"envira-gallery-image-985\" class=\"envira-gallery-image envira-gallery-image-3 envira-normal envira-lazy\" data-envira-index=\"3\" src=\"https:\/\/www.wolframs-naturfotos.de\/wordpress\/wp-content\/uploads\/2017\/03\/IMG-20170318-WA0001-640x480.jpg\" data-envira-src=\"https:\/\/www.wolframs-naturfotos.de\/wordpress\/wp-content\/uploads\/2017\/03\/IMG-20170318-WA0001-640x480.jpg\" data-envira-gallery-id=\"982\" data-envira-item-id=\"985\" data-envira-caption=\"img-20170318-wa0001\" alt=\"\" title=\"img-20170318-wa0001\"  itemprop=\"thumbnailUrl\" data-envira-srcset=\"https:\/\/www.wolframs-naturfotos.de\/wordpress\/wp-content\/uploads\/2017\/03\/IMG-20170318-WA0001-640x480.jpg 400w,https:\/\/www.wolframs-naturfotos.de\/wordpress\/wp-content\/uploads\/2017\/03\/IMG-20170318-WA0001-640x480.jpg 2x\" data-envira-width=\"200\" data-envira-height=\"300\" srcset=\"data:image\/gif;base64,R0lGODlhAQABAIAAAP\/\/\/\/\/\/\/yH5BAEKAAEALAAAAAABAAEAAAICTAEAOw==\" data-safe-src=\"data:image\/gif;base64,R0lGODlhAQABAIAAAP\/\/\/\/\/\/\/yH5BAEKAAEALAAAAAABAAEAAAICTAEAOw==\" \/><\/a><\/div><\/div><\/div><\/div><noscript><img src=\"https:\/\/www.wolframs-naturfotos.de\/wordpress\/wp-content\/uploads\/2017\/03\/EOS-7D-Mark-II_2017_03_18_04949.jpg\" alt=\"\" \/><img src=\"https:\/\/www.wolframs-naturfotos.de\/wordpress\/wp-content\/uploads\/2017\/03\/EOS-7D-Mark-II_2017_03_18_04907.jpg\" alt=\"\" \/><img src=\"https:\/\/www.wolframs-naturfotos.de\/wordpress\/wp-content\/uploads\/2017\/03\/IMG-20170318-WA0001.jpg\" alt=\"\" \/><\/noscript><\/code><\/p>\n<p>&nbsp;<\/p>\n<p>&nbsp;<\/p>\n<p>&nbsp;<\/p>\n","protected":false},"excerpt":{"rendered":"<p>Zwischen zwei Regenschauern machten wir einen kurzen Ausflug in den Schkeuditzer Auwald. Pl\u00f6tzlich erblickten wir zwischen den B\u00e4umen M\u00e4rzenbecher. Wie ein wei\u00dfer Teppich waren ganze Waldst\u00fccke mit M\u00e4rzenbechern best\u00fcckt. Das letzte Foto\u00a0 fotografierte meine Frau mit dem Smartphone, es zeigt gut, wie dicht gedr\u00e4ngt die Blumen im Wald stehen. &nbsp; &nbsp; &nbsp;<\/p>\n","protected":false},"author":2,"featured_media":0,"comment_status":"open","ping_status":"open","sticky":false,"template":"","format":"standard","meta":[],"categories":[1],"tags":[],"_links":{"self":[{"href":"https:\/\/www.wolframs-naturfotos.de\/wordpress\/wp-json\/wp\/v2\/posts\/980"}],"collection":[{"href":"https:\/\/www.wolframs-naturfotos.de\/wordpress\/wp-json\/wp\/v2\/posts"}],"about":[{"href":"https:\/\/www.wolframs-naturfotos.de\/wordpress\/wp-json\/wp\/v2\/types\/post"}],"author":[{"embeddable":true,"href":"https:\/\/www.wolframs-naturfotos.de\/wordpress\/wp-json\/wp\/v2\/users\/2"}],"replies":[{"embeddable":true,"href":"https:\/\/www.wolframs-naturfotos.de\/wordpress\/wp-json\/wp\/v2\/comments?post=980"}],"version-history":[{"count":2,"href":"https:\/\/www.wolframs-naturfotos.de\/wordpress\/wp-json\/wp\/v2\/posts\/980\/revisions"}],"predecessor-version":[{"id":986,"href":"https:\/\/www.wolframs-naturfotos.de\/wordpress\/wp-json\/wp\/v2\/posts\/980\/revisions\/986"}],"wp:attachment":[{"href":"https:\/\/www.wolframs-naturfotos.de\/wordpress\/wp-json\/wp\/v2\/media?parent=980"}],"wp:term":[{"taxonomy":"category","embeddable":true,"href":"https:\/\/www.wolframs-naturfotos.de\/wordpress\/wp-json\/wp\/v2\/categories?post=980"},{"taxonomy":"post_tag","embeddable":true,"href":"https:\/\/www.wolframs-naturfotos.de\/wordpress\/wp-json\/wp\/v2\/tags?post=980"}],"curies":[{"name":"wp","href":"https:\/\/api.w.org\/{rel}","templated":true}]}}